{"id":28318,"date":"2020-03-08T13:20:45","date_gmt":"2020-03-08T08:20:45","guid":{"rendered":"http:\/\/zamanturkmenistan.com\/?p=28318"},"modified":"2020-03-08T13:20:47","modified_gmt":"2020-03-08T08:20:47","slug":"azyk-we-innowasiya-bayraklary-doredildi","status":"publish","type":"post","link":"https:\/\/zamanturkmenistan.com.tm\/?p=28318","title":{"rendered":"Azyk we in\u00adno\u00adwa\u00adsi\u00ad\u00fda ba\u00fd\u00adra\u00adklary d\u00f6\u00adre\u00addil\u00addi"},"content":{"rendered":"<p>\u015ewe\u00adsi\u00ad\u00fda her bi\u00adri\u00ad 1 mil\u00adli\u00adon dol\u00adla\u00adra de\u0148 bo\u00adlan iki sa\u00adny ba\u00fd\u00adrak d\u00f6\u00adret\u00addi. Bu ba\u00fd\u00adrak\u00adlar mil\u00adliard\u00adlar\u00ad\u00e7a ada\u00admy i\u00fd\u00admit\u00adlen\u00addir\u00admek mak\u00adsa\u00addy bi\u00adlen ka\u00adbul edi\u00adlen \u00e7\u00f6z\u00adg\u00fct\u00adler \u00fc\u00e7in be\u00adr\u00adler.<\/p>\n<p>\u2013 Ho\u00adwa\u00adny\u0148 \u00fc\u00fdt\u00adge\u00adme\u00adgi\u00adni\u0148 d\u00fcn\u00ad\u00fd\u00e4 ila\u00adty\u00adny\u0148 azyk \u00fcp\u00adj\u00fcn\u00ad\u00e7i\u00adli\u00adgi\u00adne t\u00e4\u00adsi\u00adri\u00adni \u00fde\u00adtir\u00ad\u00fd\u00e4n\u00addi\u00adgi we bu \u00fdag\u00adda\u00ad\u00fdy\u0148 k\u00f6\u00adpel\u00ad\u00fd\u00e4n ila\u00adty\u0148 dur\u00adnuk\u00adly azyk ul\u00adgam\u00adla\u00adry\u00adna ze\u00adrur\u00adly\u00adgy\u00adny art\u00addyr\u00ad\u00fdan\u00addy\u00adgy na\u00adza\u00adra al\u00adnyp, t\u00e4\u00adze ba\u00fd\u00adrak\u00adlar esas\u00adlan\u00addy\u00adryl\u00addy \u2013 di\u00ad\u00fdip, \u015ewe\u00adsi\u00ad\u00fda\u00adny\u0148 \u201cKurt Berg\u00adfors gaz\u00adna\u00adsy\u00adny\u0148\u201d we\u00adkil\u00adle\u00adri m\u00e4\u00adlim ed\u00ad\u00fd\u00e4r\u00adler.<\/p>\n<p>\u2013 Bi\u00adze azyk ul\u00adga\u00admyn\u00adda \u00f6z\u00adge\u00adri\u015f\u00adlik\u00adler ze\u00adrur. T\u00e4\u00adze esas\u00adlan\u00addy\u00adry\u00adlan \u201cZe\u00admi\u00adni\u0148 azyk ba\u00fd\u00adra\u00adgy\u201d (Fo\u00adod Pla\u00adnet Pri\u00adze) bu mak\u00adsa\u00adda go\u00ad\u015fant go\u015f\u00admak \u00fc\u00e7in d\u00f6\u00adre\u00addil\u00addi \u2013 di\u00ad\u00fdip, ba\u00fd\u00adrak emin\u00adle\u00adri\u00adne \u00fdol\u00adba\u015f\u00ad\u00e7y\u00adlyk et\u00adjek, Ger\u00adma\u00adni\u00ad\u00fda\u00adny\u0148 Pots\u00addam ho\u00adwa bar\u00adlag\u00adla\u00adry ins\u00adti\u00adtu\u00adty\u00adny\u0148 m\u00fc\u00addi\u00adri \u00ddo\u00adhan Rokst\u00adrem a\u00fdt\u00addy. Me\u00ad\u00fdil\u00adna\u00adma\u00adla\u00adra g\u00f6\u00adr\u00e4, il\u00adkin\u00adji ba\u00fd\u00adrak\u00adlar 2020-nji \u00fdyl\u00adda ber\u00adler. \u015ee\u00fd\u00adle\u00adlik\u00adde, \u015ewe\u00adsi\u00ad\u00fda\u00adda her \u00fdyl \u201cZe\u00admi\u00adni\u0148 azyk ba\u00fd\u00adra\u00adgy\u201d we \u201cIn\u00adno\u00adwa\u00adsi\u00ad\u00fda ba\u015f\u00adlan\u00adgy\u00e7\u00adla\u00adry\u201d at\u00adly ba\u00fd\u00adrak\u00adla\u00adr gow\u00ad\u015fu\u00adry\u00adlar.<\/p>\n<p>Mag\u00adlu\u00admat\u00adla\u00adra g\u00f6\u00adr\u00e4, h\u00e4\u00adzir\u00adki wagt\u00adda d\u00fcn\u00ad\u00fd\u00e4 ila\u00adty 7,8 mil\u00adliard ada\u00adma de\u0148 bo\u00adlup, 2050-nji \u00fdy\u00adla \u00e7en\u00adli ola\u00adry\u0148 sa\u00adny 10 mil\u00adli\u00adar\u00adda \u00e7en\u00adli ar\u00adtar. H\u00fc\u00adn\u00e4r\u00admen\u00adler \u015fe\u00fd\u00adle m\u00f6\u00e7\u00adber\u00add\u00e4\u00adki ila\u00adty azyk bi\u00adlen \u00fcp\u00adj\u00fcn et\u00admek, di\u00ad\u0148e i\u00fd\u00admit\u00adle\u00adni\u015f en\u00addik\u00adle\u00adri\u00adni \u00fc\u00fdt\u00adget\u00admek, azyk \u00f6n\u00fcm\u00ad\u00e7i\u00adli\u00adgi\u00adni go\u00adwu\u00adlan\u00addyr\u00admak we azyk ga\u00adlyn\u00addy\u00adla\u00adry\u00adny azalt\u00admak ar\u00adka\u00adly m\u00fcm\u00adkin bol\u00adjak\u00addy\u00adgy\u00adny a\u00fdd\u00ad\u00fdar\u00adlar.<\/p>\n","protected":false},"excerpt":{"rendered":"<p>\u015ewe\u00adsi\u00ad\u00fda her bi\u00adri\u00ad 1 mil\u00adli\u00adon dol\u00adla\u00adra de\u0148 bo\u00adlan iki sa\u00adny ba\u00fd\u00adrak d\u00f6\u00adret\u00addi. Bu ba\u00fd\u00adrak\u00adlar mil\u00adliard\u00adlar\u00ad\u00e7a ada\u00admy i\u00fd\u00admit\u00adlen\u00addir\u00admek mak\u00adsa\u00addy bi\u00adlen ka\u00adbul edi\u00adlen \u00e7\u00f6z\u00adg\u00fct\u00adler \u00fc\u00e7in be\u00adr\u00adler. \u2013 Ho\u00adwa\u00adny\u0148 \u00fc\u00fdt\u00adge\u00adme\u00adgi\u00adni\u0148 d\u00fcn\u00ad\u00fd\u00e4 ila\u00adty\u00adny\u0148 azyk \u00fcp\u00adj\u00fcn\u00ad\u00e7i\u00adli\u00adgi\u00adne t\u00e4\u00adsi\u00adri\u00adni \u00fde\u00adtir\u00ad\u00fd\u00e4n\u00addi\u00adgi we bu \u00fdag\u00adda\u00ad\u00fdy\u0148 k\u00f6\u00adpel\u00ad\u00fd\u00e4n ila\u00adty\u0148 dur\u00adnuk\u00adly azyk ul\u00adgam\u00adla\u00adry\u00adna ze\u00adrur\u00adly\u00adgy\u00adny art\u00addyr\u00ad\u00fdan\u00addy\u00adgy na\u00adza\u00adra al\u00adnyp, t\u00e4\u00adze ba\u00fd\u00adrak\u00adlar esas\u00adlan\u00addy\u00adryl\u00addy \u2013 di\u00ad\u00fdip, \u015ewe\u00adsi\u00ad\u00fda\u00adny\u0148 \u201cKurt Berg\u00adfors gaz\u00adna\u00adsy\u00adny\u0148\u201d we\u00adkil\u00adle\u00adri [&hellip;]<\/p>\n","protected":false},"author":1,"featured_media":28322,"comment_status":"open","ping_status":"closed","sticky":false,"template":"","format":"standard","meta":{"footnotes":""},"categories":[5],"tags":[],"acf":[],"_links":{"self":[{"href":"https:\/\/zamanturkmenistan.com.tm\/index.php?rest_route=\/wp\/v2\/posts\/28318"}],"collection":[{"href":"https:\/\/zamanturkmenistan.com.tm\/index.php?rest_route=\/wp\/v2\/posts"}],"about":[{"href":"https:\/\/zamanturkmenistan.com.tm\/index.php?rest_route=\/wp\/v2\/types\/post"}],"author":[{"embeddable":true,"href":"https:\/\/zamanturkmenistan.com.tm\/index.php?rest_route=\/wp\/v2\/users\/1"}],"replies":[{"embeddable":true,"href":"https:\/\/zamanturkmenistan.com.tm\/index.php?rest_route=%2Fwp%2Fv2%2Fcomments&post=28318"}],"version-history":[{"count":0,"href":"https:\/\/zamanturkmenistan.com.tm\/index.php?rest_route=\/wp\/v2\/posts\/28318\/revisions"}],"wp:featuredmedia":[{"embeddable":true,"href":"https:\/\/zamanturkmenistan.com.tm\/index.php?rest_route=\/wp\/v2\/media\/28322"}],"wp:attachment":[{"href":"https:\/\/zamanturkmenistan.com.tm\/index.php?rest_route=%2Fwp%2Fv2%2Fmedia&parent=28318"}],"wp:term":[{"taxonomy":"category","embeddable":true,"href":"https:\/\/zamanturkmenistan.com.tm\/index.php?rest_route=%2Fwp%2Fv2%2Fcategories&post=28318"},{"taxonomy":"post_tag","embeddable":true,"href":"https:\/\/zamanturkmenistan.com.tm\/index.php?rest_route=%2Fwp%2Fv2%2Ftags&post=28318"}],"curies":[{"name":"wp","href":"https:\/\/api.w.org\/{rel}","templated":true}]}}