{"id":28330,"date":"2020-03-08T13:34:21","date_gmt":"2020-03-08T08:34:21","guid":{"rendered":"http:\/\/zamanturkmenistan.com\/?p=28330"},"modified":"2020-03-08T13:34:22","modified_gmt":"2020-03-08T08:34:22","slug":"yylyn-awtoulagy-saylandy-2","status":"publish","type":"post","link":"https:\/\/zamanturkmenistan.com.tm\/?p=28330","title":{"rendered":"\u00ddy\u00adly\u0148 aw\u00adtou\u00adla\u00adgy sa\u00fd\u00adlan\u00addy"},"content":{"rendered":"<p>Her \u00fdy\u00adly\u0148 mart a\u00fdyn\u00adda \u017de\u00adne\u00adwa\u00adda ge\u00ad\u00e7i\u00adril\u00ad\u00fd\u00e4n hal\u00adka\u00adra aw\u00adtou\u00adlag ser\u00adgi\u00adsi\u00adni\u0148 \u00f6\u0148 \u00fda\u00adnyn\u00adda \u201c\u00ddew\u00adro\u00adpa\u00adda \u00fdy\u00adly\u0148 aw\u00adtou\u00adla\u00adgy\u201d ba\u00fd\u00adra\u00adgy\u00adna my\u00adna\u00adsyp bo\u00adlan ulag m\u00e4\u00adlim edi\u00adlip, de\u00adgi\u015f\u00adli ba\u00fd\u00adrak gow\u00ad\u015fu\u00adryl\u00ad\u00fdar. Ge\u00ad\u00e7en \u00fdy\u00adly\u0148 sent\u00ad\u00fdab\u00adryn\u00adda bu ba\u00fd\u00adra\u00adga 35 ulag da\u00adla\u015f\u00adg\u00e4r g\u00f6r\u00adke\u00adzi\u00adlip\u00addi. No\u00ad\u00fdabr\u00adda bol\u00adsa fi\u00adna\u00adla \u00e7yk\u00adma\u00adga 7 ula\u00adg my\u00adna\u00adsyp bo\u00adlupdy. Ola\u00adry\u0148 ara\u00adsyn\u00addan \u201cPeu\u00adge\u00adot 208\u201d mo\u00adde\u00adli ba\u015f ba\u00fd\u00adra\u00adga my\u00adna\u00adsyp g\u00f6\u00adr\u00fcl\u00addi. Bu ulag fran\u00adsuz kom\u00adpa\u00adni\u00ad\u00fda\u00adsy\u00adny\u0148 il\u00adkin\u00adji elekt\u00adro\u00adkar\u00adla\u00adry\u00adny\u0148 bi\u00adri ha\u00adsap\u00adlan\u00ad\u00fdar. Ulag teh\u00adni\u00adki a\u00fd\u00adra\u00adtyn\u00adlyk\u00adla\u00adry bi\u00adlen bir ha\u00adtar\u00adda, di\u00adza\u00fdn ba\u00adbat\u00adda hem ta\u00adpa\u00adwut\u00adlan\u00ad\u00fdar. Ula\u00adga m\u00fc\u015f\u00adde\u00adri\u00adler hem \u00fdo\u00adka\u00adry ba\u00adha be\u00adrip\u00addi. Ba\u00fd\u00adra\u00adgy alan ulag \u201cBMW 1-nji se\u00adri\u00ad\u00fda\u00adsy\u201d, \u201cFord Pu\u00adma\u201d, \u201cPorsche Taycan\u201d, \u201cRe\u00adnault Clio\u201d, \u201cTes\u00adla Mo\u00addel 3\u201d we \u201cToyo\u00adta Corol\u00adla\u201d bi\u00adlen b\u00e4s\u00adle\u015f\u00addi. 2019-njy \u00fdyl\u00adda bu ba\u00fd\u00adra\u00adgy \u201cJa\u00adgu\u00adar I-Pace\u201d elekt\u00adro\u00adka\u00adry alyp\u00addy.<\/p>\n","protected":false},"excerpt":{"rendered":"<p>Her \u00fdy\u00adly\u0148 mart a\u00fdyn\u00adda \u017de\u00adne\u00adwa\u00adda ge\u00ad\u00e7i\u00adril\u00ad\u00fd\u00e4n hal\u00adka\u00adra aw\u00adtou\u00adlag ser\u00adgi\u00adsi\u00adni\u0148 \u00f6\u0148 \u00fda\u00adnyn\u00adda \u201c\u00ddew\u00adro\u00adpa\u00adda \u00fdy\u00adly\u0148 aw\u00adtou\u00adla\u00adgy\u201d ba\u00fd\u00adra\u00adgy\u00adna my\u00adna\u00adsyp bo\u00adlan ulag m\u00e4\u00adlim edi\u00adlip, de\u00adgi\u015f\u00adli ba\u00fd\u00adrak gow\u00ad\u015fu\u00adryl\u00ad\u00fdar. Ge\u00ad\u00e7en \u00fdy\u00adly\u0148 sent\u00ad\u00fdab\u00adryn\u00adda bu ba\u00fd\u00adra\u00adga 35 ulag da\u00adla\u015f\u00adg\u00e4r g\u00f6r\u00adke\u00adzi\u00adlip\u00addi. No\u00ad\u00fdabr\u00adda bol\u00adsa fi\u00adna\u00adla \u00e7yk\u00adma\u00adga 7 ula\u00adg my\u00adna\u00adsyp bo\u00adlupdy. Ola\u00adry\u0148 ara\u00adsyn\u00addan \u201cPeu\u00adge\u00adot 208\u201d mo\u00adde\u00adli ba\u015f ba\u00fd\u00adra\u00adga my\u00adna\u00adsyp g\u00f6\u00adr\u00fcl\u00addi. Bu ulag fran\u00adsuz kom\u00adpa\u00adni\u00ad\u00fda\u00adsy\u00adny\u0148 il\u00adkin\u00adji elekt\u00adro\u00adkar\u00adla\u00adry\u00adny\u0148 [&hellip;]<\/p>\n","protected":false},"author":1,"featured_media":28333,"comment_status":"open","ping_status":"closed","sticky":false,"template":"","format":"standard","meta":{"footnotes":""},"categories":[8],"tags":[],"acf":[],"_links":{"self":[{"href":"https:\/\/zamanturkmenistan.com.tm\/index.php?rest_route=\/wp\/v2\/posts\/28330"}],"collection":[{"href":"https:\/\/zamanturkmenistan.com.tm\/index.php?rest_route=\/wp\/v2\/posts"}],"about":[{"href":"https:\/\/zamanturkmenistan.com.tm\/index.php?rest_route=\/wp\/v2\/types\/post"}],"author":[{"embeddable":true,"href":"https:\/\/zamanturkmenistan.com.tm\/index.php?rest_route=\/wp\/v2\/users\/1"}],"replies":[{"embeddable":true,"href":"https:\/\/zamanturkmenistan.com.tm\/index.php?rest_route=%2Fwp%2Fv2%2Fcomments&post=28330"}],"version-history":[{"count":0,"href":"https:\/\/zamanturkmenistan.com.tm\/index.php?rest_route=\/wp\/v2\/posts\/28330\/revisions"}],"wp:featuredmedia":[{"embeddable":true,"href":"https:\/\/zamanturkmenistan.com.tm\/index.php?rest_route=\/wp\/v2\/media\/28333"}],"wp:attachment":[{"href":"https:\/\/zamanturkmenistan.com.tm\/index.php?rest_route=%2Fwp%2Fv2%2Fmedia&parent=28330"}],"wp:term":[{"taxonomy":"category","embeddable":true,"href":"https:\/\/zamanturkmenistan.com.tm\/index.php?rest_route=%2Fwp%2Fv2%2Fcategories&post=28330"},{"taxonomy":"post_tag","embeddable":true,"href":"https:\/\/zamanturkmenistan.com.tm\/index.php?rest_route=%2Fwp%2Fv2%2Ftags&post=28330"}],"curies":[{"name":"wp","href":"https:\/\/api.w.org\/{rel}","templated":true}]}}