{"id":28864,"date":"2020-03-28T15:01:00","date_gmt":"2020-03-28T10:01:00","guid":{"rendered":"http:\/\/zamanturkmenistan.com\/?p=28864"},"modified":"2020-03-28T15:01:03","modified_gmt":"2020-03-28T10:01:03","slug":"tok-bilen-islar-2","status":"publish","type":"post","link":"https:\/\/zamanturkmenistan.com.tm\/?p=28864","title":{"rendered":"Tok bi\u00adlen i\u015f\u00adl\u00e4r"},"content":{"rendered":"<p>Ger\u00adma\u00adni\u00ad\u00fda\u00adny\u0148 \u201cVolks\u00adwa\u00adgen\u201d kom\u00adpa\u00adni\u00ad\u00fda\u00adsy d\u00fcn\u00ad\u00fd\u00e4\u00adni\u0148 i\u0148 k\u00f6p \u00f6n\u00add\u00fc\u00adri\u00adlen ulag\u00adla\u00adry\u00adny\u0148 bi\u00adri ha\u00adsap\u00adlan\u00ad\u00fdan \u201cVolks\u00adwa\u00adgen T1 Sambo\u201d mik\u00adro\u00adaw\u00adto\u00adbu\u00adsy\u00adny\u0148 elekt\u00adrik ener\u00adgi\u00ad\u00fda\u00adsy bi\u00adlen i\u015f\u00adle\u00ad\u00fd\u00e4n g\u00f6r\u00adn\u00fc\u00ad\u015fi\u00adni ta\u00adny\u015f\u00addyr\u00addy. Ozal\u00adky nus\u00adga\u00adsyn\u00addan has kuw\u00adwat\u00adly bol\u00adjak \u201cVolks\u00adwa\u00adgen e-Bul\u00adli\u201d at\u00adly ula\u00adgy\u0148 bir ge\u00adzek\u00adki zar\u00ad\u00fda\u00addy bi\u00adlen 200 ki\u00adlo\u00admetr \u00fdol ge\u00ad\u00e7ip bil\u00adjek\u00addi\u00adgi bel\u00adle\u00adnil\u00ad\u00fd\u00e4r. Ula\u00adgy\u0148 kuw\u00adwa\u00adty 82 at g\u00fc\u00fd\u00adj\u00fc\u00adne ba\u00adra\u00adbar bo\u00adlup, ada\u00adty nus\u00adga\u00adsyn\u00addan (43 at g\u00fc\u00fd\u00adji) iki es\u00ads\u00e4 ba\u00adra\u00adbar k\u00f6p\u00add\u00fcr. Ula\u00adgy\u0148 nus\u00adga\u00adwy g\u00f6r\u00adn\u00fc\u00ad\u015fi\u00adni\u0148 \u00fdo\u00adka\u00adry tiz\u00adli\u00adgi 105 km\/sa\u00adgat bol\u00adsa, bu g\u00f6r\u00adke\u00adzi\u00adji elekt\u00adrou\u00adlag\u00adda 130 km\/sa\u00adga\u00adda \u00fde\u00adti\u00adri\u00adlip\u00addir. 64 900 \u00fdew\u00adro\u00addan sa\u00adtyl\u00adjak ula\u00adgy\u0148 da\u015f\u00adky \u015fe\u00adki\u00adli o di\u00ad\u00fden \u00fc\u00fdt\u00adge\u00addil\u00adm\u00e4n\u00addir. \u00dde\u00adri ge\u00adlen\u00adde a\u00fdt\u00adsak, T1 mo\u00adde\u00adli\u00adni\u0148 di\u00adza\u00fd\u00adny t\u00e4\u00adze\u00adle\u00adnen g\u00f6r\u00adn\u00fc\u00ad\u015fi hem ta\u00fd\u00ad\u00fdar\u00adlan\u00ad\u00fdar.<\/p>\n","protected":false},"excerpt":{"rendered":"<p>Ger\u00adma\u00adni\u00ad\u00fda\u00adny\u0148 \u201cVolks\u00adwa\u00adgen\u201d kom\u00adpa\u00adni\u00ad\u00fda\u00adsy d\u00fcn\u00ad\u00fd\u00e4\u00adni\u0148 i\u0148 k\u00f6p \u00f6n\u00add\u00fc\u00adri\u00adlen ulag\u00adla\u00adry\u00adny\u0148 bi\u00adri ha\u00adsap\u00adlan\u00ad\u00fdan \u201cVolks\u00adwa\u00adgen T1 Sambo\u201d mik\u00adro\u00adaw\u00adto\u00adbu\u00adsy\u00adny\u0148 elekt\u00adrik ener\u00adgi\u00ad\u00fda\u00adsy bi\u00adlen i\u015f\u00adle\u00ad\u00fd\u00e4n g\u00f6r\u00adn\u00fc\u00ad\u015fi\u00adni ta\u00adny\u015f\u00addyr\u00addy. Ozal\u00adky nus\u00adga\u00adsyn\u00addan has kuw\u00adwat\u00adly bol\u00adjak \u201cVolks\u00adwa\u00adgen e-Bul\u00adli\u201d at\u00adly ula\u00adgy\u0148 bir ge\u00adzek\u00adki zar\u00ad\u00fda\u00addy bi\u00adlen 200 ki\u00adlo\u00admetr \u00fdol ge\u00ad\u00e7ip bil\u00adjek\u00addi\u00adgi bel\u00adle\u00adnil\u00ad\u00fd\u00e4r. Ula\u00adgy\u0148 kuw\u00adwa\u00adty 82 at g\u00fc\u00fd\u00adj\u00fc\u00adne ba\u00adra\u00adbar bo\u00adlup, ada\u00adty nus\u00adga\u00adsyn\u00addan (43 at g\u00fc\u00fd\u00adji) iki es\u00ads\u00e4 ba\u00adra\u00adbar k\u00f6p\u00add\u00fcr. [&hellip;]<\/p>\n","protected":false},"author":1,"featured_media":28874,"comment_status":"open","ping_status":"closed","sticky":false,"template":"","format":"standard","meta":{"footnotes":""},"categories":[8],"tags":[],"acf":[],"_links":{"self":[{"href":"https:\/\/zamanturkmenistan.com.tm\/index.php?rest_route=\/wp\/v2\/posts\/28864"}],"collection":[{"href":"https:\/\/zamanturkmenistan.com.tm\/index.php?rest_route=\/wp\/v2\/posts"}],"about":[{"href":"https:\/\/zamanturkmenistan.com.tm\/index.php?rest_route=\/wp\/v2\/types\/post"}],"author":[{"embeddable":true,"href":"https:\/\/zamanturkmenistan.com.tm\/index.php?rest_route=\/wp\/v2\/users\/1"}],"replies":[{"embeddable":true,"href":"https:\/\/zamanturkmenistan.com.tm\/index.php?rest_route=%2Fwp%2Fv2%2Fcomments&post=28864"}],"version-history":[{"count":0,"href":"https:\/\/zamanturkmenistan.com.tm\/index.php?rest_route=\/wp\/v2\/posts\/28864\/revisions"}],"wp:featuredmedia":[{"embeddable":true,"href":"https:\/\/zamanturkmenistan.com.tm\/index.php?rest_route=\/wp\/v2\/media\/28874"}],"wp:attachment":[{"href":"https:\/\/zamanturkmenistan.com.tm\/index.php?rest_route=%2Fwp%2Fv2%2Fmedia&parent=28864"}],"wp:term":[{"taxonomy":"category","embeddable":true,"href":"https:\/\/zamanturkmenistan.com.tm\/index.php?rest_route=%2Fwp%2Fv2%2Fcategories&post=28864"},{"taxonomy":"post_tag","embeddable":true,"href":"https:\/\/zamanturkmenistan.com.tm\/index.php?rest_route=%2Fwp%2Fv2%2Ftags&post=28864"}],"curies":[{"name":"wp","href":"https:\/\/api.w.org\/{rel}","templated":true}]}}