{"id":28877,"date":"2020-03-28T15:02:34","date_gmt":"2020-03-28T10:02:34","guid":{"rendered":"http:\/\/zamanturkmenistan.com\/?p=28877"},"modified":"2020-03-28T15:02:35","modified_gmt":"2020-03-28T10:02:35","slug":"kici-we-arzan","status":"publish","type":"post","link":"https:\/\/zamanturkmenistan.com.tm\/?p=28877","title":{"rendered":"Ki\u00ad\u00e7i we ar\u00adzan"},"content":{"rendered":"<p>AB\u015e-ny\u0148 \u201cGe\u00adne\u00adral Mo\u00adtors\u201d we Hy\u00adta\u00ad\u00fdy\u0148 \u201cWu\u00adling\u201d \u015fe\u00adre\u00adke\u00adti yk\u00adjam elekt\u00adrou\u00adla\u00adgy\u00adny ta\u00adny\u015f\u00addyr\u00addy. \u201cBao\u00adjun E300\u201d at\u00adly mo\u00adde\u00adli\u0148 d\u00f6rt orun\u00adlyk\u00addy\u00adgy we \u015f\u00e4\u00adher i\u00e7in\u00adde s\u00fcr\u00adm\u00e4\u00adge ni\u00ad\u00fdet\u00adle\u00adnen\u00addi\u00adgi m\u00e4\u00adlim edil\u00addi. Mo\u00adde\u00adli\u0148 iki g\u00f6r\u00adn\u00fc\u00ad\u015fi bo\u00adlup, ola\u00adry\u0148 bi\u00adri\u00adni\u0148 kuw\u00adwa\u00adty 30, be\u00fd\u00adle\u00adki\u00adsi\u00adni\u0148\u00adki 40 at g\u00fc\u00fd\u00adj\u00fc\u00adne ba\u00adra\u00adbar bo\u00adlar. Go\u00adla\u00fd\u00adda ulag ba\u00adra\u00adda has k\u00f6p mag\u00adlu\u00admat \u00fda\u00fd\u00adra\u00addyl\u00adjak\u00addy\u00adgy m\u00e4\u00adlim edil\u00addi. Hy\u00adta\u00fd elekt\u00adrou\u00adlag ba\u00adza\u00adry\u00adny\u0148 i\u0148 \u00e7alt \u00f6s\u00ad\u00fd\u00e4n \u00fdurt\u00adla\u00adry\u00adny\u0148 bi\u00adridir.<\/p>\n","protected":false},"excerpt":{"rendered":"<p>AB\u015e-ny\u0148 \u201cGe\u00adne\u00adral Mo\u00adtors\u201d we Hy\u00adta\u00ad\u00fdy\u0148 \u201cWu\u00adling\u201d \u015fe\u00adre\u00adke\u00adti yk\u00adjam elekt\u00adrou\u00adla\u00adgy\u00adny ta\u00adny\u015f\u00addyr\u00addy. \u201cBao\u00adjun E300\u201d at\u00adly mo\u00adde\u00adli\u0148 d\u00f6rt orun\u00adlyk\u00addy\u00adgy we \u015f\u00e4\u00adher i\u00e7in\u00adde s\u00fcr\u00adm\u00e4\u00adge ni\u00ad\u00fdet\u00adle\u00adnen\u00addi\u00adgi m\u00e4\u00adlim edil\u00addi. Mo\u00adde\u00adli\u0148 iki g\u00f6r\u00adn\u00fc\u00ad\u015fi bo\u00adlup, ola\u00adry\u0148 bi\u00adri\u00adni\u0148 kuw\u00adwa\u00adty 30, be\u00fd\u00adle\u00adki\u00adsi\u00adni\u0148\u00adki 40 at g\u00fc\u00fd\u00adj\u00fc\u00adne ba\u00adra\u00adbar bo\u00adlar. Go\u00adla\u00fd\u00adda ulag ba\u00adra\u00adda has k\u00f6p mag\u00adlu\u00admat \u00fda\u00fd\u00adra\u00addyl\u00adjak\u00addy\u00adgy m\u00e4\u00adlim edil\u00addi. Hy\u00adta\u00fd elekt\u00adrou\u00adlag ba\u00adza\u00adry\u00adny\u0148 i\u0148 \u00e7alt \u00f6s\u00ad\u00fd\u00e4n \u00fdurt\u00adla\u00adry\u00adny\u0148 bi\u00adridir.<\/p>\n","protected":false},"author":1,"featured_media":28880,"comment_status":"open","ping_status":"closed","sticky":false,"template":"","format":"standard","meta":{"footnotes":""},"categories":[8],"tags":[],"acf":[],"_links":{"self":[{"href":"https:\/\/zamanturkmenistan.com.tm\/index.php?rest_route=\/wp\/v2\/posts\/28877"}],"collection":[{"href":"https:\/\/zamanturkmenistan.com.tm\/index.php?rest_route=\/wp\/v2\/posts"}],"about":[{"href":"https:\/\/zamanturkmenistan.com.tm\/index.php?rest_route=\/wp\/v2\/types\/post"}],"author":[{"embeddable":true,"href":"https:\/\/zamanturkmenistan.com.tm\/index.php?rest_route=\/wp\/v2\/users\/1"}],"replies":[{"embeddable":true,"href":"https:\/\/zamanturkmenistan.com.tm\/index.php?rest_route=%2Fwp%2Fv2%2Fcomments&post=28877"}],"version-history":[{"count":0,"href":"https:\/\/zamanturkmenistan.com.tm\/index.php?rest_route=\/wp\/v2\/posts\/28877\/revisions"}],"wp:featuredmedia":[{"embeddable":true,"href":"https:\/\/zamanturkmenistan.com.tm\/index.php?rest_route=\/wp\/v2\/media\/28880"}],"wp:attachment":[{"href":"https:\/\/zamanturkmenistan.com.tm\/index.php?rest_route=%2Fwp%2Fv2%2Fmedia&parent=28877"}],"wp:term":[{"taxonomy":"category","embeddable":true,"href":"https:\/\/zamanturkmenistan.com.tm\/index.php?rest_route=%2Fwp%2Fv2%2Fcategories&post=28877"},{"taxonomy":"post_tag","embeddable":true,"href":"https:\/\/zamanturkmenistan.com.tm\/index.php?rest_route=%2Fwp%2Fv2%2Ftags&post=28877"}],"curies":[{"name":"wp","href":"https:\/\/api.w.org\/{rel}","templated":true}]}}