{"id":28999,"date":"2020-04-04T11:44:48","date_gmt":"2020-04-04T06:44:48","guid":{"rendered":"http:\/\/zamanturkmenistan.com\/?p=28999"},"modified":"2020-04-04T11:44:50","modified_gmt":"2020-04-04T06:44:50","slug":"dunya-habarlary-gysga-setirlerde-28","status":"publish","type":"post","link":"https:\/\/zamanturkmenistan.com.tm\/?p=28999","title":{"rendered":"D\u00fcn\u00ad\u00fd\u00e4 ha\u00adbar\u00adla\u00adry gysga setirlerde"},"content":{"rendered":"<p>T\u00e4\u00adze iki \u00fdurt go\u00ad\u015fu\u00adlar. \u00ddew\u00adro\u00adpa Bi\u00adle\u00adle\u00ad\u015fi\u00adgi\u00adne ag\u00adza 27 d\u00f6w\u00adle\u00adti\u0148 \u00fdol\u00adba\u015f\u00ad\u00e7y\u00adla\u00adry t\u00e4\u00adze iki ag\u00adza\u00adny\u0148 \u2013 Al\u00adba\u00adni\u00ad\u00fda\u00adny\u0148 we De\u00admir\u00adga\u00adzyk Ma\u00adke\u00addo\u00adni\u00ad\u00fda\u00adny\u0148 bi\u00adle\u00adle\u00ad\u015fi\u00adge go\u00ad\u015ful\u00adma\u00adgy bo\u00ad\u00fdun\u00ad\u00e7a  gep\u00adle\u00ad\u015fik\u00adle\u00adre ba\u015f\u00adla\u00admak ka\u00adra\u00adry\u00adna gel\u00addi. \u201cBiz 2020-nji \u00fdy\u00adly\u0148 25-nji mar\u00adtyn\u00addan ba\u015f\u00adlap, \u00ddew\u00adro\u00adpa Bi\u00adle\u00adle\u00ad\u015fi\u00adgi\u00adni\u0148 Ge\u00ad\u0148e\u00ad\u015fi\u00adni\u0148 gi\u00ad\u0148elt\u00admek, dur\u00adnuk\u00adla\u015f\u00addyr\u00admak we bir\u00adle\u015f\u00addir\u00admek ba\u00adra\u00adda\u00adky ka\u00adrar\u00adla\u00adry\u00adny tas\u00adsyk\u00adla\u00ad\u00fda\u00adrys\u201d di\u00fd\u00adlip, \u00ddew\u00adro\u00adpa Bi\u00adle\u00adle\u00ad\u015fi\u00adgi\u00adni\u0148 wi\u00addeo\u00adkon\u00adfe\u00adren\u00adsi\u00ad\u00fda ar\u00adka\u00adly ge\u00ad\u00e7i\u00adri\u00adlen sam\u00admi\u00adti\u00adni\u0148 jem\u00adle\u00fd\u00adji be\u00ad\u00fda\u00adna\u00adtyn\u00adda m\u00e4\u00adlim edil\u00ad\u00fd\u00e4r.<\/p>\n<p>G7 sam\u00admi\u00adti ge\u00ad\u00e7i\u00adri\u00adler. AB\u015e-ny\u0148 Pre\u00adzi\u00adden\u00adti Do\u00adnald Tramp G7 \u00fdurt\u00adla\u00adry\u00adny\u0148 li\u00adder\u00adle\u00adri\u00adni\u0148 du\u00ad\u015fu\u00ad\u015fy\u00adgy\u00adny wi\u00addeo\u00adkon\u00adfe\u00adren\u00adsi\u00ad\u00fda ar\u00adka\u00adly ge\u00ad\u00e7i\u00adrmek barada karara geldi. Bu ba\u00adra\u00adda AB\u015e-ny\u0148 mil\u00adli yk\u00addy\u00adsa\u00addy ge\u00ad\u0148e\u00ad\u015fi\u00adni\u0148 m\u00fc\u00addi\u00adri we 2020-nji \u00fdyl\u00adda \u201cUly \u00fde\u00addi\u00adli\u00adgi\u0148\u201d esa\u00adsy ut\u00adga\u015f\u00addy\u00adry\u00adjy\u00adsy Lar\u00adri Kud\u00adlow ha\u00adbar ber\u00addi. G7 \u00fdurt\u00adla\u00adry\u00adny\u0148 \u00fdol\u00adba\u015f\u00ad\u00e7y\u00adla\u00adry ap\u00adrel we ma\u00fd a\u00fd\u00adla\u00adryn\u00adda \u015fe\u00fd\u00adle ter\u00adtip\u00adde ara\u00adgat\u00adna\u00ad\u015fyk gur\u00adma\u00adgy me\u00ad\u00fdil\u00adle\u015f\u00addi\u00adr\u00ad\u00fd\u00e4r\u00adler. Mun\u00addan ozal, G7 li\u00adder\u00adle\u00adri\u00adni\u0148 sam\u00admi\u00adti\u00adni\u0148 i\u00fdun a\u00fdyn\u00adda AB\u015e-ny\u0148 Prezidentini\u0148 Kemp-De\u00adwid\u00add\u00e4\u00adki re\u00adzi\u00adden\u00adsi\u00ad\u00fda\u00adsyn\u00adda me\u00ad\u00fdil\u00adle\u015f\u00addi\u00adril\u00ad\u00fd\u00e4n\u00addi\u00adgi ha\u00adbar ber\u00adlip\u00addi.<\/p>\n<p>\u201cSi\u00adbi\u00adri\u0148 g\u00fc\u00fd\u00adji-2\u201d tas\u00adla\u00adma\u00adsy\u00adna gi\u00adri\u00ad\u015fi\u00adler. Rus\u00adsi\u00ad\u00fda\u00adny\u0148 Pre\u00adzi\u00adden\u00adti Wla\u00addi\u00admir Pu\u00adtin \u201cGazp\u00adrom\u201d-y\u0148 ba\u015f\u00adly\u00adgy Alek\u00adse\u00fd Mil\u00adle\u00adre Hy\u00adta\u00fd ug\u00adry bo\u00ad\u00fdun\u00ad\u00e7a \u201cSi\u00adbi\u00adri\u0148 g\u00fc\u00fd\u00adji-2\u201d tas\u00adla\u00adma\u00adsy\u00adna ba\u015f\u00adla\u00adma\u00adgy tab\u00ad\u015fyr\u00addy. \u201cGazp\u00adrom\u201d-y\u0148 ba\u015f\u00adly\u00adgy uly gaz gor\u00adla\u00adry ba\u00adra\u00adda we rus ba\u00adza\u00adry \u00fc\u00e7in, gaz \u00fcp\u00adj\u00fcn\u00ad\u00e7i\u00adli\u00adgi\u00adni 2 es\u00adse art\u00addyr\u00adma\u00adga m\u00fcm\u00adkin\u00ad\u00e7i\u00adli\u00adgi\u0148 bar\u00addy\u00adgy\u00adny Pre\u00adzi\u00adden\u00adte ha\u00adbar ber\u00addi. Rus\u00adsi\u00ad\u00fda\u00adny\u0148 yk\u00addy\u00adsa\u00addy\u00ad\u00fde\u00adti\u00adni\u0148 ke\u00adpil\u00adlen\u00addi\u00adri\u00adlen gaz \u00fcp\u00adj\u00fcn\u00ad\u00e7i\u00adli\u00adgi eks\u00adpor\u00adta t\u00e4\u00adze m\u00f6\u00e7\u00adber\u00adle\u00adri iber\u00adm\u00e4\u00adge m\u00fcm\u00adkin\u00ad\u00e7i\u00adlik ber\u00ad\u00fd\u00e4r. T\u00e4\u00adze \u201cSi\u00adbiri\u0148 g\u00fc\u00fdji-2\u201d gaz ge\u00ad\u00e7i\u00adri\u00adji\u00adsi Mon\u00adgo\u00adli\u00ad\u00fda\u00adny\u0148 \u00fcs\u00adti bi\u00adlen G\u00fcn\u00adba\u00adtar Hy\u00adta\u00fd ba\u00adza\u00adry\u00adna \u00fdyl\u00adda 50 mil\u00adliard kub metr gaz iber\u00adm\u00e4\u00adge m\u00fcm\u00adkin\u00ad\u00e7i\u00adlik be\u00adrer.<\/p>\n<p>Ast\u00adrid Lindg\u00adren ba\u00fd\u00adra\u00adgy ber\u00adler. Her \u00fdyl\u00adda gural\u00fdan \u201cAst\u00adrid Lindg\u00adren Me\u00admo\u00adri\u00adal\u201d ba\u00fd\u00adrak gow\u00ad\u015fu\u00adry\u00adly\u015f da\u00adba\u00adra\u00adsy 31-nji mart\u00adda Stok\u00adgolm\u00adda ge\u00ad\u00e7i\u00adri\u00adldi. Bu da\u00adba\u00adra 2002-nji \u00fdyl\u00addan b\u00e4\u00adri \u015ewe\u00adsi\u00ad\u00fda\u00adda ge\u00ad\u00e7i\u00adril\u00ad\u00fd\u00e4r we \u00e7a\u00adga\u00adlar ede\u00adbi\u00ad\u00fda\u00adty\u00adna go\u00ad\u015fant go\u015fanlara beril\u00fd\u00e4r. Da\u00adla\u015f\u00adg\u00e4r\u00adler adat\u00ad\u00e7a, d\u00f6\u00adre\u00addi\u00adji\u00adli\u00adgi Ast\u00adrid Lindg\u00adre\u00adni\u0148 eser\u00adle\u00adri\u00adne e\u00fder\u00ad\u00fd\u00e4n \u00fda\u00adzy\u00adjy\u00adlar\u00addan we su\u00adrat\u00adke\u015f\u00adler\u00adden yba\u00adrat\u00addyr. Emin ag\u00adza\u00adla\u00adry her d\u00f6rt \u00fdyl\u00addan \u015ewe\u00adsi\u00ad\u00fda\u00adny\u0148 Me\u00adde\u00adni\u00ad\u00fdet me\u00adse\u00adle\u00adle\u00adri bo\u00ad\u00fdun\u00ad\u00e7a ge\u00ad\u0148e\u00ad\u015fi ta\u00adra\u00adpyn\u00addan bel\u00adlen\u00ad\u00fd\u00e4n 12 adam\u00addan yba\u00adrat. Ba\u00fd\u00adrak \u00fda\u00adzy\u00adjy\u00adny\u0148  Stok\u00adgolm\u00adda\u00adky \u00f6\u00fd\u00fcn\u00adde be\u00adril\u00ad\u00fd\u00e4r.<\/p>\n","protected":false},"excerpt":{"rendered":"<p>T\u00e4\u00adze iki \u00fdurt go\u00ad\u015fu\u00adlar. \u00ddew\u00adro\u00adpa Bi\u00adle\u00adle\u00ad\u015fi\u00adgi\u00adne ag\u00adza 27 d\u00f6w\u00adle\u00adti\u0148 \u00fdol\u00adba\u015f\u00ad\u00e7y\u00adla\u00adry t\u00e4\u00adze iki ag\u00adza\u00adny\u0148 \u2013 Al\u00adba\u00adni\u00ad\u00fda\u00adny\u0148 we De\u00admir\u00adga\u00adzyk Ma\u00adke\u00addo\u00adni\u00ad\u00fda\u00adny\u0148 bi\u00adle\u00adle\u00ad\u015fi\u00adge go\u00ad\u015ful\u00adma\u00adgy bo\u00ad\u00fdun\u00ad\u00e7a gep\u00adle\u00ad\u015fik\u00adle\u00adre ba\u015f\u00adla\u00admak ka\u00adra\u00adry\u00adna gel\u00addi. \u201cBiz 2020-nji \u00fdy\u00adly\u0148 25-nji mar\u00adtyn\u00addan ba\u015f\u00adlap, \u00ddew\u00adro\u00adpa Bi\u00adle\u00adle\u00ad\u015fi\u00adgi\u00adni\u0148 Ge\u00ad\u0148e\u00ad\u015fi\u00adni\u0148 gi\u00ad\u0148elt\u00admek, dur\u00adnuk\u00adla\u015f\u00addyr\u00admak we bir\u00adle\u015f\u00addir\u00admek ba\u00adra\u00adda\u00adky ka\u00adrar\u00adla\u00adry\u00adny tas\u00adsyk\u00adla\u00ad\u00fda\u00adrys\u201d di\u00fd\u00adlip, \u00ddew\u00adro\u00adpa Bi\u00adle\u00adle\u00ad\u015fi\u00adgi\u00adni\u0148 wi\u00addeo\u00adkon\u00adfe\u00adren\u00adsi\u00ad\u00fda ar\u00adka\u00adly ge\u00ad\u00e7i\u00adri\u00adlen sam\u00admi\u00adti\u00adni\u0148 jem\u00adle\u00fd\u00adji be\u00ad\u00fda\u00adna\u00adtyn\u00adda m\u00e4\u00adlim edil\u00ad\u00fd\u00e4r. G7 sam\u00admi\u00adti ge\u00ad\u00e7i\u00adri\u00adler. [&hellip;]<\/p>\n","protected":false},"author":1,"featured_media":29006,"comment_status":"open","ping_status":"closed","sticky":false,"template":"","format":"standard","meta":{"footnotes":""},"categories":[5],"tags":[],"_links":{"self":[{"href":"https:\/\/zamanturkmenistan.com.tm\/index.php?rest_route=\/wp\/v2\/posts\/28999"}],"collection":[{"href":"https:\/\/zamanturkmenistan.com.tm\/index.php?rest_route=\/wp\/v2\/posts"}],"about":[{"href":"https:\/\/zamanturkmenistan.com.tm\/index.php?rest_route=\/wp\/v2\/types\/post"}],"author":[{"embeddable":true,"href":"https:\/\/zamanturkmenistan.com.tm\/index.php?rest_route=\/wp\/v2\/users\/1"}],"replies":[{"embeddable":true,"href":"https:\/\/zamanturkmenistan.com.tm\/index.php?rest_route=%2Fwp%2Fv2%2Fcomments&post=28999"}],"version-history":[{"count":0,"href":"https:\/\/zamanturkmenistan.com.tm\/index.php?rest_route=\/wp\/v2\/posts\/28999\/revisions"}],"wp:featuredmedia":[{"embeddable":true,"href":"https:\/\/zamanturkmenistan.com.tm\/index.php?rest_route=\/wp\/v2\/media\/29006"}],"wp:attachment":[{"href":"https:\/\/zamanturkmenistan.com.tm\/index.php?rest_route=%2Fwp%2Fv2%2Fmedia&parent=28999"}],"wp:term":[{"taxonomy":"category","embeddable":true,"href":"https:\/\/zamanturkmenistan.com.tm\/index.php?rest_route=%2Fwp%2Fv2%2Fcategories&post=28999"},{"taxonomy":"post_tag","embeddable":true,"href":"https:\/\/zamanturkmenistan.com.tm\/index.php?rest_route=%2Fwp%2Fv2%2Ftags&post=28999"}],"curies":[{"name":"wp","href":"https:\/\/api.w.org\/{rel}","templated":true}]}}