{"id":30365,"date":"2020-05-30T14:02:36","date_gmt":"2020-05-30T09:02:36","guid":{"rendered":"https:\/\/zamanturkmenistan.com.tm\/?p=30365"},"modified":"2020-05-30T14:02:41","modified_gmt":"2020-05-30T09:02:41","slug":"prezident-saylawlary-geciriler","status":"publish","type":"post","link":"https:\/\/zamanturkmenistan.com.tm\/?p=30365","title":{"rendered":"Pre\u00adzi\u00addent sa\u00fd\u00adlaw\u00adla\u00adry ge\u00ad\u00e7i\u00adri\u00adler"},"content":{"rendered":"<p>Mol\u00addo\u00adwa\u00ad Res\u00adpub\u00adli\u00adka\u00adsyn\u00adda  1-nji no\u00ad\u00fdabr\u00adda Pre\u00adzi\u00addent sa\u00fd\u00adlaw\u00adla\u00adry\u00adny\u0148 ge\u00ad\u00e7i\u00adril\u00adme\u00adgi me\u00ad\u00fdil\u00adle\u015f\u00addi\u00adril\u00ad\u00fd\u00e4r. Bu ka\u00adrar 21-nji ma\u00fd\u00adda \u00fdur\u00addu\u0148 Mej\u00adli\u00adsin\u00adde ka\u00adbul edil\u00addi. Mol\u00addo\u00adwa Res\u00adpub\u00adli\u00adka\u00adsy\u00adny\u0148 So\u00adsia\u00adlis\u00adtik we De\u00admok\u00adra\u00adtik par\u00adti\u00ad\u00fda\u00adla\u00adry\u00adny\u0148 we\u00adkil\u00adle\u00adri h\u00e4\u00adzir\u00adki Pre\u00adzi\u00addent Igor Do\u00addo\u00adny\u0148 tek\u00adli\u00adbi\u00adni ka\u00adbul et\u00addi\u00adler. \u015ee\u00fd\u00adle\u00adlik\u00adde, mas\u00adla\u00adha\u00adta gat\u00adna\u00ad\u015fan 97 adam\u00addan 50 we\u00adkil tek\u00adli\u00adbi ma\u00adkul\u00adlap, in\u00addi\u00adki Pre\u00adzi\u00addent sa\u00fd\u00adlaw\u00adla\u00adry\u00adny\u0148 ge\u00ad\u00e7i\u00adril\u00adjek se\u00adne\u00adsi\u00adne ses ber\u00addi\u00adler.<br \/>\n\u201cMol\u00addo\u00adwa  Res\u00adpub\u00adli\u00adka\u00adsy\u00adny\u0148 Pre\u00adzi\u00adden\u00adti\u00adni\u0148 yg\u00adty\u00ad\u00fdar\u00adlyk m\u00f6h\u00adle\u00adti 2020-nji \u00fdy\u00adly\u0148 23-nji de\u00adkab\u00adryn\u00adda ta\u00admam\u00adlan\u00ad\u00fdar. \u015eu\u00adnu\u0148 bi\u00adlen bag\u00adly\u00adlyk\u00adda, Par\u00adla\u00adment Mol\u00addo\u00adwa Res\u00adpub\u00adli\u00adka\u00adsy\u00adny\u0148 Pre\u00adzi\u00adden\u00adti\u00adni\u0148 sa\u00fd\u00adlan\u00adjak se\u00adne\u00adsi\u00adni kes\u00adgit\u00adle\u00adme\u00adli. \u015ee\u00fd\u00adle\u00adlik bi\u00adlen, 2020-nji \u00fdy\u00adly\u0148 1-nji no\u00ad\u00fdab\u00adry\u00adny\u0148 Par\u00adla\u00admen\u00adti\u0148 ka\u00adra\u00adry bi\u00adlen kes\u00adgit\u00adlen\u00adme\u00adgi tek\u00adlip edil\u00ad\u00fd\u00e4r\u201d di\u00fd\u00adlip, Ka\u00adra\u00adry\u0148 tas\u00adla\u00adma\u00adsy\u00adny\u0148 mag\u00adlu\u00admat b\u00f6\u00adl\u00fc\u00admin\u00adde bel\u00adle\u00adnil\u00ad\u00fd\u00e4r.<br \/>\nMun\u00addan ozal\u00adky Pre\u00adzi\u00addent sa\u00fd\u00adla\u00adwy 2016-njy \u00fdy\u00adly\u0148 13-nji no\u00ad\u00fdab\u00adryn\u00adda ge\u00ad\u00e7i\u00adri\u00adlip\u00addi. Igor Do\u00addon \u015fol \u00fdy\u00adly\u0148 23-nji de\u00adkab\u00adryn\u00adda d\u00f6w\u00adlet Ba\u015f\u00adtu\u00adta\u00adny we\u00adzi\u00adpe\u00adsi\u00adne gi\u00adri\u00ad\u015fip\u00addi. Ka\u00adnu\u00adna la\u00ad\u00fdyk\u00adlyk\u00adda, Mej\u00adlis Mol\u00addo\u00adwa Res\u00adpub\u00adli\u00adka\u00adsy\u00adny\u0148 Pre\u00adzi\u00adden\u00adti\u00adni\u0148 sa\u00fd\u00adlan\u00adjak se\u00adne\u00adsi\u00adni sa\u00fd\u00adlaw g\u00fc\u00adn\u00fcn\u00adden azyn\u00addan 60 g\u00fcn \u00f6\u0148 kes\u00adgit\u00adle\u00ad\u00fd\u00e4r.<br \/>\nBu ka\u00adrar 2020-nji \u00fdy\u00adly\u0148 15-nji aw\u00adgus\u00adtyn\u00adda g\u00fc\u00fd\u00adje gi\u00adrer.<\/p>\n","protected":false},"excerpt":{"rendered":"<p>Mol\u00addo\u00adwa\u00ad Res\u00adpub\u00adli\u00adka\u00adsyn\u00adda 1-nji no\u00ad\u00fdabr\u00adda Pre\u00adzi\u00addent sa\u00fd\u00adlaw\u00adla\u00adry\u00adny\u0148 ge\u00ad\u00e7i\u00adril\u00adme\u00adgi me\u00ad\u00fdil\u00adle\u015f\u00addi\u00adril\u00ad\u00fd\u00e4r. Bu ka\u00adrar 21-nji ma\u00fd\u00adda \u00fdur\u00addu\u0148 Mej\u00adli\u00adsin\u00adde ka\u00adbul edil\u00addi. Mol\u00addo\u00adwa Res\u00adpub\u00adli\u00adka\u00adsy\u00adny\u0148 So\u00adsia\u00adlis\u00adtik we De\u00admok\u00adra\u00adtik par\u00adti\u00ad\u00fda\u00adla\u00adry\u00adny\u0148 we\u00adkil\u00adle\u00adri h\u00e4\u00adzir\u00adki Pre\u00adzi\u00addent Igor Do\u00addo\u00adny\u0148 tek\u00adli\u00adbi\u00adni ka\u00adbul et\u00addi\u00adler. \u015ee\u00fd\u00adle\u00adlik\u00adde, mas\u00adla\u00adha\u00adta gat\u00adna\u00ad\u015fan 97 adam\u00addan 50 we\u00adkil tek\u00adli\u00adbi ma\u00adkul\u00adlap, in\u00addi\u00adki Pre\u00adzi\u00addent sa\u00fd\u00adlaw\u00adla\u00adry\u00adny\u0148 ge\u00ad\u00e7i\u00adril\u00adjek se\u00adne\u00adsi\u00adne ses ber\u00addi\u00adler. \u201cMol\u00addo\u00adwa Res\u00adpub\u00adli\u00adka\u00adsy\u00adny\u0148 Pre\u00adzi\u00adden\u00adti\u00adni\u0148 yg\u00adty\u00ad\u00fdar\u00adlyk m\u00f6h\u00adle\u00adti 2020-nji \u00fdy\u00adly\u0148 23-nji de\u00adkab\u00adryn\u00adda [&hellip;]<\/p>\n","protected":false},"author":1,"featured_media":30368,"comment_status":"open","ping_status":"closed","sticky":false,"template":"","format":"standard","meta":{"footnotes":""},"categories":[5],"tags":[],"acf":[],"_links":{"self":[{"href":"https:\/\/zamanturkmenistan.com.tm\/index.php?rest_route=\/wp\/v2\/posts\/30365"}],"collection":[{"href":"https:\/\/zamanturkmenistan.com.tm\/index.php?rest_route=\/wp\/v2\/posts"}],"about":[{"href":"https:\/\/zamanturkmenistan.com.tm\/index.php?rest_route=\/wp\/v2\/types\/post"}],"author":[{"embeddable":true,"href":"https:\/\/zamanturkmenistan.com.tm\/index.php?rest_route=\/wp\/v2\/users\/1"}],"replies":[{"embeddable":true,"href":"https:\/\/zamanturkmenistan.com.tm\/index.php?rest_route=%2Fwp%2Fv2%2Fcomments&post=30365"}],"version-history":[{"count":0,"href":"https:\/\/zamanturkmenistan.com.tm\/index.php?rest_route=\/wp\/v2\/posts\/30365\/revisions"}],"wp:featuredmedia":[{"embeddable":true,"href":"https:\/\/zamanturkmenistan.com.tm\/index.php?rest_route=\/wp\/v2\/media\/30368"}],"wp:attachment":[{"href":"https:\/\/zamanturkmenistan.com.tm\/index.php?rest_route=%2Fwp%2Fv2%2Fmedia&parent=30365"}],"wp:term":[{"taxonomy":"category","embeddable":true,"href":"https:\/\/zamanturkmenistan.com.tm\/index.php?rest_route=%2Fwp%2Fv2%2Fcategories&post=30365"},{"taxonomy":"post_tag","embeddable":true,"href":"https:\/\/zamanturkmenistan.com.tm\/index.php?rest_route=%2Fwp%2Fv2%2Ftags&post=30365"}],"curies":[{"name":"wp","href":"https:\/\/api.w.org\/{rel}","templated":true}]}}