{"id":30615,"date":"2020-06-11T21:10:44","date_gmt":"2020-06-11T16:10:44","guid":{"rendered":"https:\/\/zamanturkmenistan.com.tm\/?p=30615"},"modified":"2020-06-11T21:10:44","modified_gmt":"2020-06-11T16:10:44","slug":"ilkinji-elektroulagyny-ondurer","status":"publish","type":"post","link":"https:\/\/zamanturkmenistan.com.tm\/?p=30615","title":{"rendered":"Il\u00adkin\u00adji elekt\u00adrou\u00adla\u00adgy\u00adny \u00f6n\u00add\u00fc\u00adrer"},"content":{"rendered":"<p>Ger\u00adma\u00adni\u00ad\u00fda\u00adny\u0148 BMW kom\u00adpa\u00adni\u00ad\u00fda\u00adsy go\u00adla\u00fd\u00adda elekt\u00adrik ener\u00adgi\u00ad\u00fda\u00adsy bi\u00adlen i\u015f\u00adle\u00ad\u00fd\u00e4n il\u00adkin\u00adji SUV ula\u00adgy\u00adny\u0148 \u00f6n\u00fcm\u00ad\u00e7i\u00adli\u00adgi\u00adne ba\u015f\u00adla\u00adma\u00adgy mak\u00adsat edin\u00ad\u00fd\u00e4r. \u201c2021 BMW iX3\u201d at\u00adly \u00fdol\u00adsuz \u00fder\u00adden \u00fd\u00f6\u00adre\u00ad\u00fd\u00e4n ula\u00adgy\u0148 \u00f6n\u00fcm\u00ad\u00e7i\u00adli\u00adgi to\u00admus pas\u00adly\u00adny\u0148 ahy\u00adryn\u00adda Hy\u00adta\u00fd\u00adda \u00fdo\u00adla go\u00fd\u00adlar. Il\u00adkin\u00adji ulag\u00adlar \u00fdy\u00adly\u0148 ahy\u00adryn\u00adda m\u00fc\u015f\u00adde\u00adri\u00adle\u00adre \u00fde\u00adti\u00adri\u00adler. T\u00e4\u00adze ulag \u201cBMW iX3\u201d mo\u00adde\u00adli\u00adni\u0148 elekt\u00adrik ener\u00adgi\u00ad\u00fda\u00adsy bi\u00adlen i\u015f\u00adle\u00ad\u00fd\u00e4n g\u00f6r\u00adn\u00fc\u00ad\u015fi\u00addir. Elekt\u00adrik ener\u00adgi\u00ad\u00fda\u00adsy bi\u00adlen i\u015f\u00adle\u00ad\u00fd\u00e4n t\u00e4\u00adze ula\u00adgy\u0148 d\u00fcr\u00adli sy\u00adnag\u00adlar\u00addan ge\u00ad\u00e7i\u00adri\u00adlen\u00addi\u00adgi\u00adni m\u00e4\u00adlim et\u00addi. Kuw\u00adwa\u00adty 285 at g\u00fc\u00fd\u00adj\u00fc\u00adne ba\u00adra\u00adbar bo\u00adlan ulag\u00adda bir sa\u00adny he\u00adre\u00adket\u00adlen\u00addi\u00adri\u00adji o\u00adturdy\u00adly\u00adpyr. Ulag bir ge\u00adzek\u00adki zar\u00ad\u00fda\u00addy bi\u00adlen 400 ki\u00adlo\u00admetr\u00adden gow\u00adrak \u00fdol ge\u00e7\u00ad\u00fd\u00e4r. Il\u00adki\u00adba\u015f\u00adda elekt\u00adrou\u00adlag\u00adla\u00adra t\u00e4\u00adze esas\u00adlan\u00addy\u00adry\u00adlan kom\u00adpa\u00adni\u00ad\u00fda\u00adlar \u00f6n\u00add\u00fc\u00adren hem bol\u00adsa, so\u0148\u00adlu\u00adgy bi\u00adlen iri aw\u00adtou\u00adlag \u00f6n\u00add\u00fc\u00adri\u00adji\u00adle\u00adri hem \u00e7y\u00adka\u00adryp ba\u015f\u00adla\u00addy. Ne\u00admes bren\u00addi\u00adni\u0148 bu elekt\u00adrou\u00adla\u00adgy\u00adny\u0148 \u201cJa\u00adgu\u00adar I-Pace\u201d, \u201cMercedes Benz EQC\u201d we \u201cTes\u00adla Mo\u00addel Y\u201d \u00fda\u00adly bel\u00adli mo\u00addel\u00adler bi\u00adlen b\u00e4s\u00adde\u015f\u00adlik et\u00adjek\u00addi\u00adgi a\u00fd\u00addyl\u00ad\u00fdar.<\/p>\n","protected":false},"excerpt":{"rendered":"<p>Ger\u00adma\u00adni\u00ad\u00fda\u00adny\u0148 BMW kom\u00adpa\u00adni\u00ad\u00fda\u00adsy go\u00adla\u00fd\u00adda elekt\u00adrik ener\u00adgi\u00ad\u00fda\u00adsy bi\u00adlen i\u015f\u00adle\u00ad\u00fd\u00e4n il\u00adkin\u00adji SUV ula\u00adgy\u00adny\u0148 \u00f6n\u00fcm\u00ad\u00e7i\u00adli\u00adgi\u00adne ba\u015f\u00adla\u00adma\u00adgy mak\u00adsat edin\u00ad\u00fd\u00e4r. \u201c2021 BMW iX3\u201d at\u00adly \u00fdol\u00adsuz \u00fder\u00adden \u00fd\u00f6\u00adre\u00ad\u00fd\u00e4n ula\u00adgy\u0148 \u00f6n\u00fcm\u00ad\u00e7i\u00adli\u00adgi to\u00admus pas\u00adly\u00adny\u0148 ahy\u00adryn\u00adda Hy\u00adta\u00fd\u00adda \u00fdo\u00adla go\u00fd\u00adlar. Il\u00adkin\u00adji ulag\u00adlar \u00fdy\u00adly\u0148 ahy\u00adryn\u00adda m\u00fc\u015f\u00adde\u00adri\u00adle\u00adre \u00fde\u00adti\u00adri\u00adler. T\u00e4\u00adze ulag \u201cBMW iX3\u201d mo\u00adde\u00adli\u00adni\u0148 elekt\u00adrik ener\u00adgi\u00ad\u00fda\u00adsy bi\u00adlen i\u015f\u00adle\u00ad\u00fd\u00e4n g\u00f6r\u00adn\u00fc\u00ad\u015fi\u00addir. Elekt\u00adrik ener\u00adgi\u00ad\u00fda\u00adsy bi\u00adlen i\u015f\u00adle\u00ad\u00fd\u00e4n t\u00e4\u00adze ula\u00adgy\u0148 d\u00fcr\u00adli sy\u00adnag\u00adlar\u00addan ge\u00ad\u00e7i\u00adri\u00adlen\u00addi\u00adgi\u00adni [&hellip;]<\/p>\n","protected":false},"author":2,"featured_media":30614,"comment_status":"closed","ping_status":"closed","sticky":false,"template":"","format":"standard","meta":{"footnotes":""},"categories":[8],"tags":[],"acf":[],"_links":{"self":[{"href":"https:\/\/zamanturkmenistan.com.tm\/index.php?rest_route=\/wp\/v2\/posts\/30615"}],"collection":[{"href":"https:\/\/zamanturkmenistan.com.tm\/index.php?rest_route=\/wp\/v2\/posts"}],"about":[{"href":"https:\/\/zamanturkmenistan.com.tm\/index.php?rest_route=\/wp\/v2\/types\/post"}],"author":[{"embeddable":true,"href":"https:\/\/zamanturkmenistan.com.tm\/index.php?rest_route=\/wp\/v2\/users\/2"}],"replies":[{"embeddable":true,"href":"https:\/\/zamanturkmenistan.com.tm\/index.php?rest_route=%2Fwp%2Fv2%2Fcomments&post=30615"}],"version-history":[{"count":0,"href":"https:\/\/zamanturkmenistan.com.tm\/index.php?rest_route=\/wp\/v2\/posts\/30615\/revisions"}],"wp:featuredmedia":[{"embeddable":true,"href":"https:\/\/zamanturkmenistan.com.tm\/index.php?rest_route=\/wp\/v2\/media\/30614"}],"wp:attachment":[{"href":"https:\/\/zamanturkmenistan.com.tm\/index.php?rest_route=%2Fwp%2Fv2%2Fmedia&parent=30615"}],"wp:term":[{"taxonomy":"category","embeddable":true,"href":"https:\/\/zamanturkmenistan.com.tm\/index.php?rest_route=%2Fwp%2Fv2%2Fcategories&post=30615"},{"taxonomy":"post_tag","embeddable":true,"href":"https:\/\/zamanturkmenistan.com.tm\/index.php?rest_route=%2Fwp%2Fv2%2Ftags&post=30615"}],"curies":[{"name":"wp","href":"https:\/\/api.w.org\/{rel}","templated":true}]}}