{"id":30839,"date":"2020-06-20T11:51:45","date_gmt":"2020-06-20T06:51:45","guid":{"rendered":"https:\/\/zamanturkmenistan.com.tm\/?p=30839"},"modified":"2020-06-20T11:53:56","modified_gmt":"2020-06-20T06:53:56","slug":"bilelikde-3-ulag-ondurerler","status":"publish","type":"post","link":"https:\/\/zamanturkmenistan.com.tm\/?p=30839","title":{"rendered":"Bi\u00adle\u00adlik\u00adde  3 ulag \u00f6n\u00add\u00fc\u00adrer\u00adler"},"content":{"rendered":"<p>Ger\u00adma\u00adni\u00ad\u00fda\u00adny\u0148 \u201cVolks\u00adwa\u00adgen\u201d we AB\u015e-ny\u0148 \u201cFord\u201d kom\u00adpa\u00adni\u00ad\u00fdalaryny\u0148\u00ad bi\u00adle\u00adlik\u00add\u00e4\u00adki hyz\u00admat\u00adda\u015f\u00adly\u00adgyny\u0148 \u00e7\u00e4k\u00adle\u00adrin\u00adde ulag\u00adla\u00adry\u0148 3 g\u00f6r\u00adn\u00fc\u00ad\u015fi\u00ad \u00f6n\u00add\u00fc\u00adri\u00adler. \u201cFord\u201d kom\u00adpa\u00adni\u00ad\u00fda\u00adsy\u00adny\u0148 \u00f6n\u00fcm\u00ad\u00e7i\u00adlik \u00f6n\u00fcm\u00adha\u00adna\u00adsyn\u00adda \u201cVolks\u00adwa\u00adgen Ama\u00adrok\u201d ky\u00adsym\u00adly ulag \u00f6n\u00add\u00fc\u00adri\u00adlip, 2022-nji \u00fdyl\u00adda sa\u00adtu\u00adwa \u00e7y\u00adka\u00adry\u00adlar. Mun\u00addan ba\u015f\u00adga-da, iki kom\u00adpa\u00adni\u00ad\u00fda\u00adny\u0148 ara\u00adsyn\u00adda\u00adky hyz\u00admat\u00adda\u015f\u00adly\u00adgy\u0148 \u00e7\u00e4\u00adgin\u00adde 1 ton\u00adna \u00e7en\u00adli g\u00f6\u00adte\u00adri\u00adji\u00adlik kuw\u00adwa\u00adty bo\u00adlan aw\u00adtou\u00adlag \u00f6n\u00add\u00fc\u00adri\u00adler.<br \/>\nT\u00e4\u00adze \u00f6n\u00fcm\u00adler umu\u00admy plat\u00adfor\u00adma\u00adla\u00adry\u0148 esa\u00adsyn\u00adda gur\u00adlar. \u015ee\u00fd\u00adle hem m\u00fc\u015f\u00adde\u00adri\u00adle\u00adri\u0148 ta\u00adlap\u00adla\u00adry\u00adny ka\u00adna\u00adgat\u00adlan\u00addyr\u00admak \u00fc\u00e7in d\u00fcr\u00adli ulag\u00adla\u00adry\u0148 \u00f6n\u00fcm\u00ad\u00e7i\u00adli\u00adgi \u00fdo\u00adla go\u00fd\u00adlar. Ge\u00ad\u00e7en \u00fdyl bu iki kom\u00adpa\u00adni\u00ad\u00fda\u00adny\u0148 ara\u00adsyn\u00adda hyz\u00admat\u00adda\u015f\u00adlyk et\u00admek me\u00ad\u00fdil\u00adle\u015f\u00addi\u00adril\u00ad\u00fd\u00e4r\u00addi. Hyz\u00admat\u00adda\u015f\u00adlyk gat\u00adna\u00ad\u015fyk\u00adla\u00adry elekt\u00adrik to\u00adgy bi\u00adlen i\u015f\u00adle\u00ad\u00fd\u00e4n ulag se\u00adri\u015f\u00adde\u00adle\u00adri\u00adni\u0148 \u00f6n\u00fcm\u00ad\u00e7i\u00adli\u00adgi bo\u00ad\u00fdun\u00ad\u00e7a hem ama\u00adla a\u015fy\u00adry\u00adlar. Kompani\u00fdalar \u00f6z\u00adba\u015f\u00addak do\u00adlan\u00addy\u00adry\u015f ul\u00adgam\u00adly aw\u00adtou\u00adlag\u00adla\u00adry\u0148 \u00f6n\u00fcm\u00ad\u00e7i\u00adli\u00adgi ba\u00adbat\u00adda hem hyz\u00admat\u00adda\u015f\u00adlyk eder\u00adler. Ta\u00adrap\u00adlar bi\u00adle\u00adlik\u00adde 8 mil\u00adlio\u00adna go\u00adla\u00fd ulag \u00f6n\u00add\u00fcr\u00adme\u00adgi me\u00ad\u00fdil\u00adle\u015f\u00addir\u00ad\u00fd\u00e4rler.<\/p>\n","protected":false},"excerpt":{"rendered":"<p>Ger\u00adma\u00adni\u00ad\u00fda\u00adny\u0148 \u201cVolks\u00adwa\u00adgen\u201d we AB\u015e-ny\u0148 \u201cFord\u201d kom\u00adpa\u00adni\u00ad\u00fdalaryny\u0148\u00ad bi\u00adle\u00adlik\u00add\u00e4\u00adki hyz\u00admat\u00adda\u015f\u00adly\u00adgyny\u0148 \u00e7\u00e4k\u00adle\u00adrin\u00adde ulag\u00adla\u00adry\u0148 3 g\u00f6r\u00adn\u00fc\u00ad\u015fi\u00ad \u00f6n\u00add\u00fc\u00adri\u00adler. \u201cFord\u201d kom\u00adpa\u00adni\u00ad\u00fda\u00adsy\u00adny\u0148 \u00f6n\u00fcm\u00ad\u00e7i\u00adlik \u00f6n\u00fcm\u00adha\u00adna\u00adsyn\u00adda \u201cVolks\u00adwa\u00adgen Ama\u00adrok\u201d ky\u00adsym\u00adly ulag \u00f6n\u00add\u00fc\u00adri\u00adlip, 2022-nji \u00fdyl\u00adda sa\u00adtu\u00adwa \u00e7y\u00adka\u00adry\u00adlar. Mun\u00addan ba\u015f\u00adga-da, iki kom\u00adpa\u00adni\u00ad\u00fda\u00adny\u0148 ara\u00adsyn\u00adda\u00adky hyz\u00admat\u00adda\u015f\u00adly\u00adgy\u0148 \u00e7\u00e4\u00adgin\u00adde 1 ton\u00adna \u00e7en\u00adli g\u00f6\u00adte\u00adri\u00adji\u00adlik kuw\u00adwa\u00adty bo\u00adlan aw\u00adtou\u00adlag \u00f6n\u00add\u00fc\u00adri\u00adler. T\u00e4\u00adze \u00f6n\u00fcm\u00adler umu\u00admy plat\u00adfor\u00adma\u00adla\u00adry\u0148 esa\u00adsyn\u00adda gur\u00adlar. \u015ee\u00fd\u00adle hem m\u00fc\u015f\u00adde\u00adri\u00adle\u00adri\u0148 ta\u00adlap\u00adla\u00adry\u00adny ka\u00adna\u00adgat\u00adlan\u00addyr\u00admak \u00fc\u00e7in d\u00fcr\u00adli ulag\u00adla\u00adry\u0148 [&hellip;]<\/p>\n","protected":false},"author":1,"featured_media":30842,"comment_status":"open","ping_status":"closed","sticky":false,"template":"","format":"standard","meta":{"footnotes":""},"categories":[300],"tags":[],"acf":[],"_links":{"self":[{"href":"https:\/\/zamanturkmenistan.com.tm\/index.php?rest_route=\/wp\/v2\/posts\/30839"}],"collection":[{"href":"https:\/\/zamanturkmenistan.com.tm\/index.php?rest_route=\/wp\/v2\/posts"}],"about":[{"href":"https:\/\/zamanturkmenistan.com.tm\/index.php?rest_route=\/wp\/v2\/types\/post"}],"author":[{"embeddable":true,"href":"https:\/\/zamanturkmenistan.com.tm\/index.php?rest_route=\/wp\/v2\/users\/1"}],"replies":[{"embeddable":true,"href":"https:\/\/zamanturkmenistan.com.tm\/index.php?rest_route=%2Fwp%2Fv2%2Fcomments&post=30839"}],"version-history":[{"count":0,"href":"https:\/\/zamanturkmenistan.com.tm\/index.php?rest_route=\/wp\/v2\/posts\/30839\/revisions"}],"wp:featuredmedia":[{"embeddable":true,"href":"https:\/\/zamanturkmenistan.com.tm\/index.php?rest_route=\/wp\/v2\/media\/30842"}],"wp:attachment":[{"href":"https:\/\/zamanturkmenistan.com.tm\/index.php?rest_route=%2Fwp%2Fv2%2Fmedia&parent=30839"}],"wp:term":[{"taxonomy":"category","embeddable":true,"href":"https:\/\/zamanturkmenistan.com.tm\/index.php?rest_route=%2Fwp%2Fv2%2Fcategories&post=30839"},{"taxonomy":"post_tag","embeddable":true,"href":"https:\/\/zamanturkmenistan.com.tm\/index.php?rest_route=%2Fwp%2Fv2%2Ftags&post=30839"}],"curies":[{"name":"wp","href":"https:\/\/api.w.org\/{rel}","templated":true}]}}