{"id":3091,"date":"2016-08-27T05:26:56","date_gmt":"2016-08-27T05:26:56","guid":{"rendered":"http:\/\/zamanturkmenistan.com\/?p=3091"},"modified":"2016-08-27T05:26:56","modified_gmt":"2016-08-27T05:26:56","slug":"yhhg-say%c2%adla%c2%adwa-syn%c2%adcy-iber%c2%adyar","status":"publish","type":"post","link":"https:\/\/zamanturkmenistan.com.tm\/?p=3091","title":{"rendered":"\u00ddHHG sa\u00fd\u00adla\u00adwa  syn\u00ad\u00e7y iber\u00ad\u00fd\u00e4r"},"content":{"rendered":"<p>\u00ddew\u00adro\u00adpa\u00adda Howp\u00adsuz\u00adlyk we Hyz\u00admat\u00adda\u015f\u00adlyk Gu\u00adra\u00adma\u00adsy (\u00ddHHG) AB\u015e-da \u015fu \u00fdy\u00adly\u0148 8-nji no\u00ad\u00fdab\u00adryn\u00adda ge\u00ad\u00e7i\u00adril\u00adjek pre\u00adzi\u00addent sa\u00fd\u00adla\u00adwy\u00adna 500 sa\u00adny hal\u00adka\u00adra syn\u00ad\u00e7y\u00adsy\u00adny iber\u00ad\u00fd\u00e4r. Bu ba\u00adra\u00adda \u201cRe\u00fd\u00adter\u201d ha\u00adbar\u00adlar gul\u00adlu\u00adgy ha\u00adbar ber\u00ad\u00fd\u00e4r. AB\u015e-y\u0148 \u00adh\u00f6\u00adk\u00fc\u00adme\u00adti \u00ddHHG-den gel\u00adjek syn\u00ad\u00e7y\u00adla\u00adra \u00e4h\u00adli m\u00fcm\u00adkin\u00ad\u00e7i\u00adlik\u00adle\u00adri d\u00f6\u00adret\u00adm\u00e4\u00adge ta\u00fd\u00ad\u00fdar\u00addy\u00adgy\u00adny m\u00e4\u00adlim et\u00addi.<br \/>\n8-nji no\u00ad\u00fdabr\u00adda\u00adky sa\u00fd\u00adlaw\u00adda \u00fdur\u00addu\u0148 h\u00e4\u00adzir\u00adki Pre\u00adzi\u00adden\u00adti Ba\u00adrak Oba\u00adma da\u00adla\u015f\u00adg\u00e4r bo\u00adlup bil\u00adme\u00ad\u00fd\u00e4r. \u00c7\u00fcn\u00adki ol bu we\u00adzi\u00adpe\u00add\u00e4\u00adki ikin\u00adji m\u00f6h\u00adle\u00adti\u00adni ta\u00admam\u00adla\u00ad\u00fdar.<\/p>\n","protected":false},"excerpt":{"rendered":"<p>\u00ddew\u00adro\u00adpa\u00adda Howp\u00adsuz\u00adlyk we Hyz\u00admat\u00adda\u015f\u00adlyk Gu\u00adra\u00adma\u00adsy (\u00ddHHG) AB\u015e-da \u015fu \u00fdy\u00adly\u0148 8-nji no\u00ad\u00fdab\u00adryn\u00adda ge\u00ad\u00e7i\u00adril\u00adjek pre\u00adzi\u00addent sa\u00fd\u00adla\u00adwy\u00adna 500 sa\u00adny hal\u00adka\u00adra syn\u00ad\u00e7y\u00adsy\u00adny iber\u00ad\u00fd\u00e4r. Bu ba\u00adra\u00adda \u201cRe\u00fd\u00adter\u201d ha\u00adbar\u00adlar gul\u00adlu\u00adgy ha\u00adbar ber\u00ad\u00fd\u00e4r. AB\u015e-y\u0148 \u00adh\u00f6\u00adk\u00fc\u00adme\u00adti \u00ddHHG-den gel\u00adjek syn\u00ad\u00e7y\u00adla\u00adra \u00e4h\u00adli m\u00fcm\u00adkin\u00ad\u00e7i\u00adlik\u00adle\u00adri d\u00f6\u00adret\u00adm\u00e4\u00adge ta\u00fd\u00ad\u00fdar\u00addy\u00adgy\u00adny m\u00e4\u00adlim et\u00addi. 8-nji no\u00ad\u00fdabr\u00adda\u00adky sa\u00fd\u00adlaw\u00adda \u00fdur\u00addu\u0148 h\u00e4\u00adzir\u00adki Pre\u00adzi\u00adden\u00adti Ba\u00adrak Oba\u00adma da\u00adla\u015f\u00adg\u00e4r bo\u00adlup bil\u00adme\u00ad\u00fd\u00e4r. \u00c7\u00fcn\u00adki ol bu we\u00adzi\u00adpe\u00add\u00e4\u00adki ikin\u00adji m\u00f6h\u00adle\u00adti\u00adni ta\u00admam\u00adla\u00ad\u00fdar.<\/p>\n","protected":false},"author":1,"featured_media":0,"comment_status":"open","ping_status":"closed","sticky":false,"template":"","format":"standard","meta":{"footnotes":""},"categories":[5],"tags":[],"acf":[],"_links":{"self":[{"href":"https:\/\/zamanturkmenistan.com.tm\/index.php?rest_route=\/wp\/v2\/posts\/3091"}],"collection":[{"href":"https:\/\/zamanturkmenistan.com.tm\/index.php?rest_route=\/wp\/v2\/posts"}],"about":[{"href":"https:\/\/zamanturkmenistan.com.tm\/index.php?rest_route=\/wp\/v2\/types\/post"}],"author":[{"embeddable":true,"href":"https:\/\/zamanturkmenistan.com.tm\/index.php?rest_route=\/wp\/v2\/users\/1"}],"replies":[{"embeddable":true,"href":"https:\/\/zamanturkmenistan.com.tm\/index.php?rest_route=%2Fwp%2Fv2%2Fcomments&post=3091"}],"version-history":[{"count":0,"href":"https:\/\/zamanturkmenistan.com.tm\/index.php?rest_route=\/wp\/v2\/posts\/3091\/revisions"}],"wp:attachment":[{"href":"https:\/\/zamanturkmenistan.com.tm\/index.php?rest_route=%2Fwp%2Fv2%2Fmedia&parent=3091"}],"wp:term":[{"taxonomy":"category","embeddable":true,"href":"https:\/\/zamanturkmenistan.com.tm\/index.php?rest_route=%2Fwp%2Fv2%2Fcategories&post=3091"},{"taxonomy":"post_tag","embeddable":true,"href":"https:\/\/zamanturkmenistan.com.tm\/index.php?rest_route=%2Fwp%2Fv2%2Ftags&post=3091"}],"curies":[{"name":"wp","href":"https:\/\/api.w.org\/{rel}","templated":true}]}}