{"id":32093,"date":"2020-07-30T19:31:44","date_gmt":"2020-07-30T14:31:44","guid":{"rendered":"https:\/\/zamanturkmenistan.com.tm\/?p=32093"},"modified":"2020-07-30T19:31:46","modified_gmt":"2020-07-30T14:31:46","slug":"taze-duzumi-tassyklandy-2","status":"publish","type":"post","link":"https:\/\/zamanturkmenistan.com.tm\/?p=32093","title":{"rendered":"T\u00e4\u00adze d\u00fc\u00adz\u00fc\u00admi tas\u00adsyk\u00adlan\u00addy"},"content":{"rendered":"<p>Hor\u00adwa\u00adti\u00ad\u00fda\u00adny\u0148 Par\u00adla\u00admen\u00adti Mi\u00adnistr\u00adler Ka\u00adbi\u00adne\u00adti\u00adni\u0148 t\u00e4ze d\u00fcz\u00fcmi ba\u00adra\u00adda\u00adky tek\u00adlip\u00adle\u00adri tas\u00adsyk\u00adla\u00addy. Pre\u00adzi\u00adden\u00adt Zo\u00adran Mi\u00adla\u00adno\u00adwi\u00e7 \u00fdurt\u00adda ge\u00ad\u00e7i\u00adri\u00adlen Par\u00adla\u00adment sa\u00fd\u00adlaw\u00adla\u00adryn\u00adda \u00fde\u00ad\u0148i\u015f ga\u00adza\u00adnan \u00abHor\u00adwa\u00adti\u00ad\u00fda de\u00admok\u00adra\u00adtik ar\u00adka\u00adla\u00ad\u015fy\u00adgy\u00bb par\u00adti\u00ad\u00fda\u00adsy\u00adny\u0148 ba\u015f\u00adly\u00adgy, Prem\u00ad\u00fder-mi\u00adnistr And\u00adre\u00fd Plen\u00adko\u00adwi\u00ad\u00e7e t\u00e4\u00adze h\u00f6\u00adk\u00fc\u00admet gur\u00admak ba\u00adra\u00adda\u00ad yg\u00adty\u00ad\u00fda\u00adr ber\u00addi. Bu ba\u00adra\u00adda \u00fdur\u00addu\u0148 i\u0148 \u00fdo\u00adka\u00adry ka\u00adnun \u00e7y\u00adka\u00adry\u00adjy eda\u00adra\u00adsy\u00adny\u0148 il\u00adkin\u00adji \u00fdyg\u00adna\u00adgy\u00adny\u0148 ne\u00adti\u00adje\u00adle\u00adri yg\u00adlan edi\u00adlen\u00adso\u0148 m\u00e4\u00adlim edil\u00addi.<br \/>\nMag\u00adlu\u00admat\u00adla\u00adra g\u00f6\u00adr\u00e4, 76 de\u00adpu\u00adtat Prem\u00ad\u00fder-mi\u00adnist\u00adri gol\u00adda\u00addy, 59 de\u00adpu\u00adtat bol\u00adsa gar\u00ad\u015fy \u00e7yk\u00addy.<br \/>\n\u2013 Biz hyz\u00admat\u00adda\u015f\u00adlar bi\u00adlen Par\u00adla\u00adment k\u00f6p\u00adl\u00fc\u00adgi\u00adni d\u00f6\u00adret\u00addik, olar bi\u00adlen t\u00e4\u00adze h\u00f6\u00adk\u00fc\u00adme\u00adti\u0148 mak\u00adsat\u00adna\u00adma\u00adsy\u00adny dur\u00admu\u00ad\u015fa ge\u00ad\u00e7ir\u00adjek\u00addi\u00adgi\u00admi\u00adze ynan\u00ad\u00fda\u00adryn \u2013 di\u00ad\u00fdip, And\u00adre\u00fd Plen\u00adko\u00adwi\u00e7 bel\u00adle\u00addi. Mak\u00adsat\u00adna\u00adma\u00adny\u0148 ile\u00adri tu\u00adtul\u00ad\u00fdan ugur\u00adla\u00adry\u00adny\u0148 ara\u00adsyn\u00adda so\u00adsi\u00adal dur\u00adnuk\u00adly\u00adlyk, yk\u00addy\u00adsa\u00addy \u00f6zyg\u00adty\u00ad\u00fdar\u00adly\u00adlyk, d\u00f6w\u00adlet gur\u00adlu\u00ad\u015fy\u00adny ber\u00adkit\u00admek \u00fda\u00adly me\u00adse\u00adle\u00adler a\u00fd\u00adra\u00adtyn orun e\u00fde\u00adle\u00ad\u00fd\u00e4r.<br \/>\nHor\u00adwa\u00adti\u00ad\u00fda h\u00f6\u00adk\u00fc\u00adme\u00adti\u00adni\u0148 t\u00e4\u00adze gur\u00adlu\u00ad\u015fy \u00f6\u0148\u00adk\u00fc\u00adsi \u00fda\u00adly 20 d\u00e4l-de, 16 mi\u00adnistr\u00adlik\u00adden yba\u00adrat bo\u00adlar. And\u00adre\u00fd Plen\u00adko\u00adwi\u00ad\u00e7i\u0148 Mi\u00adnistr\u00adler Ka\u00adbi\u00adne\u00adtin\u00adde d\u00f6rt sa\u00adny orun\u00adba\u00adsa\u00adry bo\u00adlar.<\/p>\n","protected":false},"excerpt":{"rendered":"<p>Hor\u00adwa\u00adti\u00ad\u00fda\u00adny\u0148 Par\u00adla\u00admen\u00adti Mi\u00adnistr\u00adler Ka\u00adbi\u00adne\u00adti\u00adni\u0148 t\u00e4ze d\u00fcz\u00fcmi ba\u00adra\u00adda\u00adky tek\u00adlip\u00adle\u00adri tas\u00adsyk\u00adla\u00addy. Pre\u00adzi\u00adden\u00adt Zo\u00adran Mi\u00adla\u00adno\u00adwi\u00e7 \u00fdurt\u00adda ge\u00ad\u00e7i\u00adri\u00adlen Par\u00adla\u00adment sa\u00fd\u00adlaw\u00adla\u00adryn\u00adda \u00fde\u00ad\u0148i\u015f ga\u00adza\u00adnan \u00abHor\u00adwa\u00adti\u00ad\u00fda de\u00admok\u00adra\u00adtik ar\u00adka\u00adla\u00ad\u015fy\u00adgy\u00bb par\u00adti\u00ad\u00fda\u00adsy\u00adny\u0148 ba\u015f\u00adly\u00adgy, Prem\u00ad\u00fder-mi\u00adnistr And\u00adre\u00fd Plen\u00adko\u00adwi\u00ad\u00e7e t\u00e4\u00adze h\u00f6\u00adk\u00fc\u00admet gur\u00admak ba\u00adra\u00adda\u00ad yg\u00adty\u00ad\u00fda\u00adr ber\u00addi. Bu ba\u00adra\u00adda \u00fdur\u00addu\u0148 i\u0148 \u00fdo\u00adka\u00adry ka\u00adnun \u00e7y\u00adka\u00adry\u00adjy eda\u00adra\u00adsy\u00adny\u0148 il\u00adkin\u00adji \u00fdyg\u00adna\u00adgy\u00adny\u0148 ne\u00adti\u00adje\u00adle\u00adri yg\u00adlan edi\u00adlen\u00adso\u0148 m\u00e4\u00adlim edil\u00addi. Mag\u00adlu\u00admat\u00adla\u00adra g\u00f6\u00adr\u00e4, 76 de\u00adpu\u00adtat Prem\u00ad\u00fder-mi\u00adnist\u00adri gol\u00adda\u00addy, 59 de\u00adpu\u00adtat [&hellip;]<\/p>\n","protected":false},"author":1,"featured_media":32105,"comment_status":"open","ping_status":"closed","sticky":false,"template":"","format":"standard","meta":{"footnotes":""},"categories":[5],"tags":[],"acf":[],"_links":{"self":[{"href":"https:\/\/zamanturkmenistan.com.tm\/index.php?rest_route=\/wp\/v2\/posts\/32093"}],"collection":[{"href":"https:\/\/zamanturkmenistan.com.tm\/index.php?rest_route=\/wp\/v2\/posts"}],"about":[{"href":"https:\/\/zamanturkmenistan.com.tm\/index.php?rest_route=\/wp\/v2\/types\/post"}],"author":[{"embeddable":true,"href":"https:\/\/zamanturkmenistan.com.tm\/index.php?rest_route=\/wp\/v2\/users\/1"}],"replies":[{"embeddable":true,"href":"https:\/\/zamanturkmenistan.com.tm\/index.php?rest_route=%2Fwp%2Fv2%2Fcomments&post=32093"}],"version-history":[{"count":0,"href":"https:\/\/zamanturkmenistan.com.tm\/index.php?rest_route=\/wp\/v2\/posts\/32093\/revisions"}],"wp:featuredmedia":[{"embeddable":true,"href":"https:\/\/zamanturkmenistan.com.tm\/index.php?rest_route=\/wp\/v2\/media\/32105"}],"wp:attachment":[{"href":"https:\/\/zamanturkmenistan.com.tm\/index.php?rest_route=%2Fwp%2Fv2%2Fmedia&parent=32093"}],"wp:term":[{"taxonomy":"category","embeddable":true,"href":"https:\/\/zamanturkmenistan.com.tm\/index.php?rest_route=%2Fwp%2Fv2%2Fcategories&post=32093"},{"taxonomy":"post_tag","embeddable":true,"href":"https:\/\/zamanturkmenistan.com.tm\/index.php?rest_route=%2Fwp%2Fv2%2Ftags&post=32093"}],"curies":[{"name":"wp","href":"https:\/\/api.w.org\/{rel}","templated":true}]}}