{"id":3294,"date":"2016-09-03T08:40:17","date_gmt":"2016-09-03T08:40:17","guid":{"rendered":"http:\/\/zamanturkmenistan.com\/?p=3294"},"modified":"2016-09-03T08:40:17","modified_gmt":"2016-09-03T08:40:17","slug":"citroen-yaslygyny-yatlayar","status":"publish","type":"post","link":"https:\/\/zamanturkmenistan.com.tm\/?p=3294","title":{"rendered":"\u201cCitroen\u201d \u201c\u00fda\u015flygyny \u00fdatla\u00fdar\u201d"},"content":{"rendered":"<p>\u201cCit\u00adro\u00aden\u201d kom\u00adpa\u00adni\u00ad\u00fda\u00adsy\u00adny\u0148 t\u00e4\u00adze ta\u00fd\u00ad\u00fdar\u00adlan \u201cCXPe\u00adri\u00adence\u201d elekt\u00adro\u00admo\u00adbi\u00adli 1974-1991-nji \u00fdyl\u00adlar\u00ad aralygynda \u00f6n\u00add\u00fc\u00adri\u00adlen CX se\u00adri\u00ad\u00fda\u00adsy\u00adna me\u0148\u00adze\u00addi\u00adlip \u00fda\u00adsa\u00adlyp\u00addyr. Go\u00adla\u00fd\u00adda Pa\u00adri\u017e\u00adde ba\u015f\u00adlan\u00adjak hal\u00adka\u00adra aw\u00adto\u00adser\u00adgi\u00adsin\u00adde g\u00f6r\u00adke\u00adzil\u00adjek ula\u00adgy\u0148 da\u015f\u00adky ke\u015f\u00adbi kom\u00adpa\u00adni\u00ad\u00fda\u00adny\u0148 i\u0148 ha\u00adla\u00adnan ula\u00adgy\u00adna \u00e7a\u00adlym ed\u00ad\u00fd\u00e4r. Onu\u0148 k\u00f6p \u00fde\u00adri 1971-nji \u00fdyl\u00adda \u00f6n\u00add\u00fc\u00adri\u00adlen ula\u00adgy \u00fdat\u00adlad\u00ad\u00fdar. \u201cCXPe\u00adri\u00adence\u201d-i\u0148 kuw\u00adwa\u00adty\u00adny\u0148 300 at g\u00fc\u00fd\u00adj\u00fc\u00adne ba\u00adra\u00adbar bol\u00adjak\u00addy\u00adgy, ben\u00adzin we elekt\u00adrik ener\u00adgi\u00ad\u00fda\u00adsy bi\u00adlen i\u015f\u00adle\u00adjek\u00addi\u00adgi a\u00fd\u00addyl\u00ad\u00fdar.<\/p>\n","protected":false},"excerpt":{"rendered":"<p>\u201cCit\u00adro\u00aden\u201d kom\u00adpa\u00adni\u00ad\u00fda\u00adsy\u00adny\u0148 t\u00e4\u00adze ta\u00fd\u00ad\u00fdar\u00adlan \u201cCXPe\u00adri\u00adence\u201d elekt\u00adro\u00admo\u00adbi\u00adli 1974-1991-nji \u00fdyl\u00adlar\u00ad aralygynda \u00f6n\u00add\u00fc\u00adri\u00adlen CX se\u00adri\u00ad\u00fda\u00adsy\u00adna me\u0148\u00adze\u00addi\u00adlip \u00fda\u00adsa\u00adlyp\u00addyr. Go\u00adla\u00fd\u00adda Pa\u00adri\u017e\u00adde ba\u015f\u00adlan\u00adjak hal\u00adka\u00adra aw\u00adto\u00adser\u00adgi\u00adsin\u00adde g\u00f6r\u00adke\u00adzil\u00adjek ula\u00adgy\u0148 da\u015f\u00adky ke\u015f\u00adbi kom\u00adpa\u00adni\u00ad\u00fda\u00adny\u0148 i\u0148 ha\u00adla\u00adnan ula\u00adgy\u00adna \u00e7a\u00adlym ed\u00ad\u00fd\u00e4r. Onu\u0148 k\u00f6p \u00fde\u00adri 1971-nji \u00fdyl\u00adda \u00f6n\u00add\u00fc\u00adri\u00adlen ula\u00adgy \u00fdat\u00adlad\u00ad\u00fdar. \u201cCXPe\u00adri\u00adence\u201d-i\u0148 kuw\u00adwa\u00adty\u00adny\u0148 300 at g\u00fc\u00fd\u00adj\u00fc\u00adne ba\u00adra\u00adbar bol\u00adjak\u00addy\u00adgy, ben\u00adzin we elekt\u00adrik ener\u00adgi\u00ad\u00fda\u00adsy bi\u00adlen i\u015f\u00adle\u00adjek\u00addi\u00adgi a\u00fd\u00addyl\u00ad\u00fdar.<\/p>\n","protected":false},"author":1,"featured_media":0,"comment_status":"open","ping_status":"closed","sticky":false,"template":"","format":"standard","meta":{"footnotes":""},"categories":[8],"tags":[],"acf":[],"_links":{"self":[{"href":"https:\/\/zamanturkmenistan.com.tm\/index.php?rest_route=\/wp\/v2\/posts\/3294"}],"collection":[{"href":"https:\/\/zamanturkmenistan.com.tm\/index.php?rest_route=\/wp\/v2\/posts"}],"about":[{"href":"https:\/\/zamanturkmenistan.com.tm\/index.php?rest_route=\/wp\/v2\/types\/post"}],"author":[{"embeddable":true,"href":"https:\/\/zamanturkmenistan.com.tm\/index.php?rest_route=\/wp\/v2\/users\/1"}],"replies":[{"embeddable":true,"href":"https:\/\/zamanturkmenistan.com.tm\/index.php?rest_route=%2Fwp%2Fv2%2Fcomments&post=3294"}],"version-history":[{"count":0,"href":"https:\/\/zamanturkmenistan.com.tm\/index.php?rest_route=\/wp\/v2\/posts\/3294\/revisions"}],"wp:attachment":[{"href":"https:\/\/zamanturkmenistan.com.tm\/index.php?rest_route=%2Fwp%2Fv2%2Fmedia&parent=3294"}],"wp:term":[{"taxonomy":"category","embeddable":true,"href":"https:\/\/zamanturkmenistan.com.tm\/index.php?rest_route=%2Fwp%2Fv2%2Fcategories&post=3294"},{"taxonomy":"post_tag","embeddable":true,"href":"https:\/\/zamanturkmenistan.com.tm\/index.php?rest_route=%2Fwp%2Fv2%2Ftags&post=3294"}],"curies":[{"name":"wp","href":"https:\/\/api.w.org\/{rel}","templated":true}]}}