{"id":33251,"date":"2020-08-29T18:46:03","date_gmt":"2020-08-29T13:46:03","guid":{"rendered":"https:\/\/zamanturkmenistan.com.tm\/?p=33251"},"modified":"2020-08-29T18:46:04","modified_gmt":"2020-08-29T13:46:04","slug":"yokarlygyna-akyar","status":"publish","type":"post","link":"https:\/\/zamanturkmenistan.com.tm\/?p=33251","title":{"rendered":"\u00ddo\u00adka\u00adrlygyna ak\u00ad\u00fdar"},"content":{"rendered":"<p>Awst\u00adra\u00adli\u00ad\u00fda\u00adny\u0148 g\u00fc\u00adnor\u00adta\u00adsyn\u00adda t\u00e4\u00adsin te\u00adbi\u00adgy wa\u00adka \u00fdaz\u00adga alyn\u00addy. \u00ddur\u00addu\u0148 T\u00e4\u00adze G\u00fc\u00adnor\u00adta Uels \u015fta\u00adtyn\u00adda g\u00fc\u00fd\u00e7\u00adli \u00fdeli\u0148 \u00f6w\u00fcsmegi \u015fag\u00adla\u00adwu\u00adgy\u0148 \u00fdo\u00adkar\u00adly\u00adgy\u00adna ak\u00adma\u00adgy\u00adna se\u00adb\u00e4p bol\u00addy. Me\u00adteo\u00adro\u00adlog\u00adlar bu se\u00fd\u00adrek ha\u00addy\u00adsa\u00adny\u0148 um\u00adman ta\u00adrap\u00addan \u00f6w\u00fcs\u00ad\u00fd\u00e4n g\u00fc\u00fd\u00e7\u00adli \u00fde\u00adli\u0148 \u015fag\u00adla\u00adwu\u00adgy\u0148 ak\u00ad\u00fdan dik ga\u00ad\u00fda\u00adsy\u00adna ur\u00adma\u00adgy ne\u00adti\u00adje\u00adsin\u00adde bo\u00adlan\u00addy\u00adgy\u00adny bel\u00adle\u00ad\u00fd\u00e4r\u00adler. Bu \u00fder\u00adde \u015fe\u00adma\u00adly\u0148 tiz\u00adli\u00adgi sa\u00adgat\u00adda 46 km-e \u00fde\u00adtip\u00addir. Se\u00adbi\u00adti\u0148 Mil\u00adli se\u00ad\u00fdil\u00adg\u00e4\u00adhin\u00add\u00e4\u00adki \u015fag\u00adla\u00adwuk jahanke\u015fdeleri\u0148 i\u0148 k\u00f6p bar\u00fdan \u00fder\u00adle\u00adri\u00adni\u0148 bi\u00adri\u00addir.<\/p>\n","protected":false},"excerpt":{"rendered":"<p>Awst\u00adra\u00adli\u00ad\u00fda\u00adny\u0148 g\u00fc\u00adnor\u00adta\u00adsyn\u00adda t\u00e4\u00adsin te\u00adbi\u00adgy wa\u00adka \u00fdaz\u00adga alyn\u00addy. \u00ddur\u00addu\u0148 T\u00e4\u00adze G\u00fc\u00adnor\u00adta Uels \u015fta\u00adtyn\u00adda g\u00fc\u00fd\u00e7\u00adli \u00fdeli\u0148 \u00f6w\u00fcsmegi \u015fag\u00adla\u00adwu\u00adgy\u0148 \u00fdo\u00adkar\u00adly\u00adgy\u00adna ak\u00adma\u00adgy\u00adna se\u00adb\u00e4p bol\u00addy. Me\u00adteo\u00adro\u00adlog\u00adlar bu se\u00fd\u00adrek ha\u00addy\u00adsa\u00adny\u0148 um\u00adman ta\u00adrap\u00addan \u00f6w\u00fcs\u00ad\u00fd\u00e4n g\u00fc\u00fd\u00e7\u00adli \u00fde\u00adli\u0148 \u015fag\u00adla\u00adwu\u00adgy\u0148 ak\u00ad\u00fdan dik ga\u00ad\u00fda\u00adsy\u00adna ur\u00adma\u00adgy ne\u00adti\u00adje\u00adsin\u00adde bo\u00adlan\u00addy\u00adgy\u00adny bel\u00adle\u00ad\u00fd\u00e4r\u00adler. Bu \u00fder\u00adde \u015fe\u00adma\u00adly\u0148 tiz\u00adli\u00adgi sa\u00adgat\u00adda 46 km-e \u00fde\u00adtip\u00addir. Se\u00adbi\u00adti\u0148 Mil\u00adli se\u00ad\u00fdil\u00adg\u00e4\u00adhin\u00add\u00e4\u00adki \u015fag\u00adla\u00adwuk jahanke\u015fdeleri\u0148 i\u0148 k\u00f6p bar\u00fdan \u00fder\u00adle\u00adri\u00adni\u0148 bi\u00adri\u00addir.<\/p>\n","protected":false},"author":1,"featured_media":33254,"comment_status":"open","ping_status":"closed","sticky":false,"template":"","format":"standard","meta":{"footnotes":""},"categories":[9],"tags":[],"acf":[],"_links":{"self":[{"href":"https:\/\/zamanturkmenistan.com.tm\/index.php?rest_route=\/wp\/v2\/posts\/33251"}],"collection":[{"href":"https:\/\/zamanturkmenistan.com.tm\/index.php?rest_route=\/wp\/v2\/posts"}],"about":[{"href":"https:\/\/zamanturkmenistan.com.tm\/index.php?rest_route=\/wp\/v2\/types\/post"}],"author":[{"embeddable":true,"href":"https:\/\/zamanturkmenistan.com.tm\/index.php?rest_route=\/wp\/v2\/users\/1"}],"replies":[{"embeddable":true,"href":"https:\/\/zamanturkmenistan.com.tm\/index.php?rest_route=%2Fwp%2Fv2%2Fcomments&post=33251"}],"version-history":[{"count":0,"href":"https:\/\/zamanturkmenistan.com.tm\/index.php?rest_route=\/wp\/v2\/posts\/33251\/revisions"}],"wp:featuredmedia":[{"embeddable":true,"href":"https:\/\/zamanturkmenistan.com.tm\/index.php?rest_route=\/wp\/v2\/media\/33254"}],"wp:attachment":[{"href":"https:\/\/zamanturkmenistan.com.tm\/index.php?rest_route=%2Fwp%2Fv2%2Fmedia&parent=33251"}],"wp:term":[{"taxonomy":"category","embeddable":true,"href":"https:\/\/zamanturkmenistan.com.tm\/index.php?rest_route=%2Fwp%2Fv2%2Fcategories&post=33251"},{"taxonomy":"post_tag","embeddable":true,"href":"https:\/\/zamanturkmenistan.com.tm\/index.php?rest_route=%2Fwp%2Fv2%2Ftags&post=33251"}],"curies":[{"name":"wp","href":"https:\/\/api.w.org\/{rel}","templated":true}]}}