{"id":33342,"date":"2020-09-03T17:20:13","date_gmt":"2020-09-03T12:20:13","guid":{"rendered":"https:\/\/zamanturkmenistan.com.tm\/?p=33342"},"modified":"2020-09-03T17:23:42","modified_gmt":"2020-09-03T12:23:42","slug":"sportun-taryhynda-su-gun-3-nji-sentyabr","status":"publish","type":"post","link":"https:\/\/zamanturkmenistan.com.tm\/?p=33342","title":{"rendered":"Sportu\u0148 taryhynda \u015fu g\u00fcn \u2013 3-nji sent\u00fdabr"},"content":{"rendered":"<p>1947 \u2013 Fransi\u00fdaly me\u015fhur t\u00e4lim\u00e7i \u017derar Uli\u00fde d\u00fcn\u00fd\u00e4 in\u00fd\u00e4r.<\/p>\n<p>1949 \u2013 Argentinaly tanymal t\u00e4lim\u00e7i Hose Pekerman d\u00fcn\u00fd\u00e4 in\u00fd\u00e4r.<\/p>\n<p>1950 \u2013 Argentinaly s\u00fcr\u00fcji Emilio Juseppe \u201cNino\u201d Farina Itali\u00fda \u201cGran Prisinde\u201d gazanan \u00fde\u0148\u015finden so\u0148, Formula 1-i\u0148 ilkinji \u00e7empiony bol\u00fdar.<\/p>\n<p>1970 \u2013 Angli\u00fdaly futbol\u00e7y, h\u00e4zirki t\u00e4lim\u00e7i Garet Sautge\u00fdt d\u00fcn\u00fd\u00e4 in\u00fd\u00e4r.<\/p>\n<p>1977 \u2013 \u015ewesi\u00fdaly futbol\u00e7y Olof Mellberg d\u00fcn\u00fd\u00e4 in\u00fd\u00e4r.<\/p>\n<p>1979 \u2013 Brazili\u00fdaly futbol\u00e7y, me\u015fhur derweze\u00e7i Hulio Sezar d\u00fcn\u00fd\u00e4 in\u00fd\u00e4r.<\/p>\n<p>1988 \u2013 Germani\u00fdaly futbol\u00e7y \u017derom Boateng d\u00fcn\u00fd\u00e4 in\u00fd\u00e4r.<\/p>\n<p>1993 \u2013 Awstri\u00fdaly tennis\u00e7i Dominik Tim d\u00fcn\u00fd\u00e4 in\u00fd\u00e4r.<\/p>\n","protected":false},"excerpt":{"rendered":"<p>1947 \u2013 Fransi\u00fdaly me\u015fhur t\u00e4lim\u00e7i \u017derar Uli\u00fde d\u00fcn\u00fd\u00e4 in\u00fd\u00e4r. 1949 \u2013 Argentinaly tanymal t\u00e4lim\u00e7i Hose Pekerman d\u00fcn\u00fd\u00e4 in\u00fd\u00e4r. 1950 \u2013 Argentinaly s\u00fcr\u00fcji Emilio Juseppe \u201cNino\u201d Farina Itali\u00fda \u201cGran Prisinde\u201d gazanan \u00fde\u0148\u015finden so\u0148, Formula 1-i\u0148 ilkinji \u00e7empiony bol\u00fdar. 1970 \u2013 Angli\u00fdaly futbol\u00e7y, h\u00e4zirki t\u00e4lim\u00e7i Garet Sautge\u00fdt d\u00fcn\u00fd\u00e4 in\u00fd\u00e4r. 1977 \u2013 \u015ewesi\u00fdaly futbol\u00e7y Olof Mellberg d\u00fcn\u00fd\u00e4 in\u00fd\u00e4r. [&hellip;]<\/p>\n","protected":false},"author":2,"featured_media":33341,"comment_status":"closed","ping_status":"closed","sticky":false,"template":"","format":"standard","meta":{"footnotes":""},"categories":[13],"tags":[],"acf":[],"_links":{"self":[{"href":"https:\/\/zamanturkmenistan.com.tm\/index.php?rest_route=\/wp\/v2\/posts\/33342"}],"collection":[{"href":"https:\/\/zamanturkmenistan.com.tm\/index.php?rest_route=\/wp\/v2\/posts"}],"about":[{"href":"https:\/\/zamanturkmenistan.com.tm\/index.php?rest_route=\/wp\/v2\/types\/post"}],"author":[{"embeddable":true,"href":"https:\/\/zamanturkmenistan.com.tm\/index.php?rest_route=\/wp\/v2\/users\/2"}],"replies":[{"embeddable":true,"href":"https:\/\/zamanturkmenistan.com.tm\/index.php?rest_route=%2Fwp%2Fv2%2Fcomments&post=33342"}],"version-history":[{"count":0,"href":"https:\/\/zamanturkmenistan.com.tm\/index.php?rest_route=\/wp\/v2\/posts\/33342\/revisions"}],"wp:featuredmedia":[{"embeddable":true,"href":"https:\/\/zamanturkmenistan.com.tm\/index.php?rest_route=\/wp\/v2\/media\/33341"}],"wp:attachment":[{"href":"https:\/\/zamanturkmenistan.com.tm\/index.php?rest_route=%2Fwp%2Fv2%2Fmedia&parent=33342"}],"wp:term":[{"taxonomy":"category","embeddable":true,"href":"https:\/\/zamanturkmenistan.com.tm\/index.php?rest_route=%2Fwp%2Fv2%2Fcategories&post=33342"},{"taxonomy":"post_tag","embeddable":true,"href":"https:\/\/zamanturkmenistan.com.tm\/index.php?rest_route=%2Fwp%2Fv2%2Ftags&post=33342"}],"curies":[{"name":"wp","href":"https:\/\/api.w.org\/{rel}","templated":true}]}}