{"id":33520,"date":"2020-09-07T12:43:32","date_gmt":"2020-09-07T07:43:32","guid":{"rendered":"https:\/\/zamanturkmenistan.com.tm\/?p=33520"},"modified":"2020-09-07T12:54:14","modified_gmt":"2020-09-07T07:54:14","slug":"jokowic-uly-yalnyslykdan-son-yarysdan-cykaryldy","status":"publish","type":"post","link":"https:\/\/zamanturkmenistan.com.tm\/?p=33520","title":{"rendered":"Jokowi\u00e7 uly \u00fdal\u0148y\u015flykdan so\u0148 \u00fdary\u015fdan \u00e7ykaryldy"},"content":{"rendered":"<p>AB\u015e-ny\u0148 N\u00fdu \u00ddork \u015f\u00e4herinde ge\u00e7iril\u00fd\u00e4n \u201cAmerika A\u00e7yk\u201d tennis \u00fdary\u015fyny\u0148 4-nji tapgyrynda t\u00e4sin we gara\u015fylmadyk waka boldy. Sanawy\u0148 1-nji belgilisi, serbi\u00fdaly Nowak Jokowi\u00e7 bilen ispani\u00fdaly Pablo Karreno Bustany\u0148 du\u015fu\u015fygyny\u0148 1-nji setinde ispan tennis\u00e7i 6:5 \u00f6\u0148e sa\u00fdlanypdy. Bu \u00fdagda\u00fda gahar eden Nowak Jokowi\u00e7 topy gahar bilen urup go\u00fdberdi we \u015fol top eminleri\u0148 birine degip, ony \u00fdere \u00fdykdy. Dessine eminden \u00f6t\u00fcn\u00e7 soran Jokowi\u00e7 ba\u015f emin tarapyndan o\u00fdundan \u00e7ykaryldy. Netijede, Busta \u00e7\u00e4r\u00fdek finala \u00e7ykan tennis\u00e7i boldy. Jokowi\u00e7 \u015fu m\u00f6ws\u00fcmde ge\u00e7iren 26 du\u015fu\u015fygynda \u00fde\u0148i\u015f gazanypdy. 33 \u00fda\u015fly tennis\u00e7i 18-nji \u201cUly tuwulgasyny\u201d gazanmagy maksat edin\u00fd\u00e4rdi. Ol so\u0148ky 20 \u00fdylda \u201cUly tuwulgalarda\u201d \u00fdary\u015fdan \u00e7ykarylan ilkinji, umumylykda-da 5-nji tennis\u00e7i boldy.<\/p>\n","protected":false},"excerpt":{"rendered":"<p>AB\u015e-ny\u0148 N\u00fdu \u00ddork \u015f\u00e4herinde ge\u00e7iril\u00fd\u00e4n \u201cAmerika A\u00e7yk\u201d tennis \u00fdary\u015fyny\u0148 4-nji tapgyrynda t\u00e4sin we gara\u015fylmadyk waka boldy. Sanawy\u0148 1-nji belgilisi, serbi\u00fdaly Nowak Jokowi\u00e7 bilen ispani\u00fdaly Pablo Karreno Bustany\u0148 du\u015fu\u015fygyny\u0148 1-nji setinde ispan tennis\u00e7i 6:5 \u00f6\u0148e sa\u00fdlanypdy. Bu \u00fdagda\u00fda gahar eden Nowak Jokowi\u00e7 topy gahar bilen urup go\u00fdberdi we \u015fol top eminleri\u0148 birine degip, ony \u00fdere \u00fdykdy. [&hellip;]<\/p>\n","protected":false},"author":2,"featured_media":33519,"comment_status":"closed","ping_status":"closed","sticky":false,"template":"","format":"standard","meta":{"footnotes":""},"categories":[13],"tags":[],"acf":[],"_links":{"self":[{"href":"https:\/\/zamanturkmenistan.com.tm\/index.php?rest_route=\/wp\/v2\/posts\/33520"}],"collection":[{"href":"https:\/\/zamanturkmenistan.com.tm\/index.php?rest_route=\/wp\/v2\/posts"}],"about":[{"href":"https:\/\/zamanturkmenistan.com.tm\/index.php?rest_route=\/wp\/v2\/types\/post"}],"author":[{"embeddable":true,"href":"https:\/\/zamanturkmenistan.com.tm\/index.php?rest_route=\/wp\/v2\/users\/2"}],"replies":[{"embeddable":true,"href":"https:\/\/zamanturkmenistan.com.tm\/index.php?rest_route=%2Fwp%2Fv2%2Fcomments&post=33520"}],"version-history":[{"count":0,"href":"https:\/\/zamanturkmenistan.com.tm\/index.php?rest_route=\/wp\/v2\/posts\/33520\/revisions"}],"wp:featuredmedia":[{"embeddable":true,"href":"https:\/\/zamanturkmenistan.com.tm\/index.php?rest_route=\/wp\/v2\/media\/33519"}],"wp:attachment":[{"href":"https:\/\/zamanturkmenistan.com.tm\/index.php?rest_route=%2Fwp%2Fv2%2Fmedia&parent=33520"}],"wp:term":[{"taxonomy":"category","embeddable":true,"href":"https:\/\/zamanturkmenistan.com.tm\/index.php?rest_route=%2Fwp%2Fv2%2Fcategories&post=33520"},{"taxonomy":"post_tag","embeddable":true,"href":"https:\/\/zamanturkmenistan.com.tm\/index.php?rest_route=%2Fwp%2Fv2%2Ftags&post=33520"}],"curies":[{"name":"wp","href":"https:\/\/api.w.org\/{rel}","templated":true}]}}