{"id":33722,"date":"2020-09-12T11:58:39","date_gmt":"2020-09-12T06:58:39","guid":{"rendered":"https:\/\/zamanturkmenistan.com.tm\/?p=33722"},"modified":"2021-02-26T18:23:28","modified_gmt":"2021-02-26T13:23:28","slug":"gijesine-yapylyan-guller","status":"publish","type":"post","link":"https:\/\/zamanturkmenistan.com.tm\/?p=33722","title":{"rendered":"Gijesine \u00fdapyl\u00fdan g\u00fcller"},"content":{"rendered":"<p>K\u00e4\u00adbir g\u00fcl\u00adler G\u00fcn ba\u00adtyp ga\u00adra\u0148\u00adky d\u00fc\u00ad\u015fen\u00adso\u0148 \u00fda\u00adpyl\u00ad\u00fdar. \u015ee\u00fd\u00adle \u00f6s\u00fcm\u00adlik\u00adler gi\u00adje bi\u00adlen g\u00fcn\u00addi\u00adzi\u0148 \u00fdy\u00adly\u00adlyk ta\u00adpa\u00adwu\u00addy\u00adny\u0148 k\u00f6p \u00fde\u00adrin\u00adde \u00f6s\u00ad\u00fd\u00e4r\u00adler. \u015ee\u00fd\u00adle bo\u00adlan\u00adso\u0148, \u00f6s\u00fcm\u00adlik g\u00fc\u00adl\u00fc\u00adni ag\u00ad\u015fa\u00admy\u0148 sal\u00adkyn ho\u00adwa\u00adsyn\u00addan go\u00adra\u00admak \u00fc\u00e7in \u00fdap\u00ad\u00fdar. Mun\u00addan ba\u015f\u00adga-da, g\u00fcn\u00addi\u00adzi\u00adne \u00fda\u00adpyl\u00ad\u00fdan, gi\u00adje\u00adsi\u00adne a\u00e7yl\u00ad\u00fdan g\u00fcl\u00adler hem bol\u00ad\u00fdar. Bu \u00f6s\u00fcm\u00adlik\u00adler G\u00fc\u00adn\u00fc\u0148 \u00fdi\u00adti \u015f\u00f6h\u00adle\u00adsin\u00adden go\u00adran\u00admak \u00fc\u00e7in g\u00fcn\u00addi\u00adzi\u00adne \u00fda\u00adpyl\u00ad\u00fdar.<\/p>\n","protected":false},"excerpt":{"rendered":"<p>K\u00e4\u00adbir g\u00fcl\u00adler G\u00fcn ba\u00adtyp ga\u00adra\u0148\u00adky d\u00fc\u00ad\u015fen\u00adso\u0148 \u00fda\u00adpyl\u00ad\u00fdar. \u015ee\u00fd\u00adle \u00f6s\u00fcm\u00adlik\u00adler gi\u00adje bi\u00adlen g\u00fcn\u00addi\u00adzi\u0148 \u00fdy\u00adly\u00adlyk ta\u00adpa\u00adwu\u00addy\u00adny\u0148 k\u00f6p \u00fde\u00adrin\u00adde \u00f6s\u00ad\u00fd\u00e4r\u00adler. \u015ee\u00fd\u00adle bo\u00adlan\u00adso\u0148, \u00f6s\u00fcm\u00adlik g\u00fc\u00adl\u00fc\u00adni ag\u00ad\u015fa\u00admy\u0148 sal\u00adkyn ho\u00adwa\u00adsyn\u00addan go\u00adra\u00admak \u00fc\u00e7in \u00fdap\u00ad\u00fdar. Mun\u00addan ba\u015f\u00adga-da, g\u00fcn\u00addi\u00adzi\u00adne \u00fda\u00adpyl\u00ad\u00fdan, gi\u00adje\u00adsi\u00adne a\u00e7yl\u00ad\u00fdan g\u00fcl\u00adler hem bol\u00ad\u00fdar. Bu \u00f6s\u00fcm\u00adlik\u00adler G\u00fc\u00adn\u00fc\u0148 \u00fdi\u00adti \u015f\u00f6h\u00adle\u00adsin\u00adden go\u00adran\u00admak \u00fc\u00e7in g\u00fcn\u00addi\u00adzi\u00adne \u00fda\u00adpyl\u00ad\u00fdar.<\/p>\n","protected":false},"author":1,"featured_media":33725,"comment_status":"open","ping_status":"closed","sticky":false,"template":"","format":"standard","meta":{"footnotes":""},"categories":[9],"tags":[599,600],"acf":[],"_links":{"self":[{"href":"https:\/\/zamanturkmenistan.com.tm\/index.php?rest_route=\/wp\/v2\/posts\/33722"}],"collection":[{"href":"https:\/\/zamanturkmenistan.com.tm\/index.php?rest_route=\/wp\/v2\/posts"}],"about":[{"href":"https:\/\/zamanturkmenistan.com.tm\/index.php?rest_route=\/wp\/v2\/types\/post"}],"author":[{"embeddable":true,"href":"https:\/\/zamanturkmenistan.com.tm\/index.php?rest_route=\/wp\/v2\/users\/1"}],"replies":[{"embeddable":true,"href":"https:\/\/zamanturkmenistan.com.tm\/index.php?rest_route=%2Fwp%2Fv2%2Fcomments&post=33722"}],"version-history":[{"count":0,"href":"https:\/\/zamanturkmenistan.com.tm\/index.php?rest_route=\/wp\/v2\/posts\/33722\/revisions"}],"wp:featuredmedia":[{"embeddable":true,"href":"https:\/\/zamanturkmenistan.com.tm\/index.php?rest_route=\/wp\/v2\/media\/33725"}],"wp:attachment":[{"href":"https:\/\/zamanturkmenistan.com.tm\/index.php?rest_route=%2Fwp%2Fv2%2Fmedia&parent=33722"}],"wp:term":[{"taxonomy":"category","embeddable":true,"href":"https:\/\/zamanturkmenistan.com.tm\/index.php?rest_route=%2Fwp%2Fv2%2Fcategories&post=33722"},{"taxonomy":"post_tag","embeddable":true,"href":"https:\/\/zamanturkmenistan.com.tm\/index.php?rest_route=%2Fwp%2Fv2%2Ftags&post=33722"}],"curies":[{"name":"wp","href":"https:\/\/api.w.org\/{rel}","templated":true}]}}