{"id":33792,"date":"2020-09-14T12:08:56","date_gmt":"2020-09-14T07:08:56","guid":{"rendered":"https:\/\/zamanturkmenistan.com.tm\/?p=33792"},"modified":"2020-09-14T12:26:33","modified_gmt":"2020-09-14T07:26:33","slug":"samsung-yn-nobatdaky-onumi-her-bir-jankoyer-ucin","status":"publish","type":"post","link":"https:\/\/zamanturkmenistan.com.tm\/?p=33792","title":{"rendered":"\u201cSamsung\u201d-y\u0148 nobatdaky \u00f6n\u00fcmi \u2013 \u201cher bir jank\u00f6\u00fder \u00fc\u00e7in\u201d"},"content":{"rendered":"\n<p>\u201cSamsung\u201d kompani\u00fdasyny\u0148 t\u00e4ze \u00f6n\u00fcmleri bilen tany\u015fdyr\u00fdan \u00e7\u00e4resi bolan \u201cUnpacked\u201d-i\u0148 nobatdakysy 23-nji sent\u00fdabrda ge\u00e7iriler. Kompani\u00fdany\u0148 14-nji sent\u00fdabrynda \u00fda\u00fdradan metbugat be\u00fdanatynda bu barada a\u00fddyl\u00fdar.<\/p>\n\n\n\n<p>\u201c\u00ddyllary\u0148 dowamynda \u201cSamsung\u201d kompani\u00fdasy bilen \u201cGalaxy\u201d modelini\u0148 mu\u015fdaklaryny\u0148 arasynda a\u00fdratyn baglany\u015fyk emele geldi. Mu\u015fdaklary\u0148 gymmatly teswirleri tolgundyryjy innowasi\u00fdalary amala a\u015fyrmaga \u00fdardam berdi, \u015fe\u00fdle hem mobil telefon ulanyly\u015fyny k\u00e4mille\u015fdirdi\u201d di\u00fdlip, kompani\u00fdany\u0148 be\u00fdanatynda a\u00fddyl\u00fdar. <\/p>\n\n\n\n<p>D\u00e4p bolup gel\u00fd\u00e4n \u00e7\u00e4r\u00e4ni\u0148 ady t\u00fcrkmen diline terjime edilende \u201cgutudan \u00e7ykarmak, a\u00e7mak\u201d manylaryny ber\u00fd\u00e4r.\u00a0Awgust we sent\u00fdabr a\u00fdlarynda \u201cSamsung\u201d \u015fe\u00fdle \u00e7\u00e4releri\u0148 e\u00fd\u00fd\u00e4m ikisini ge\u00e7irdi. Olary\u0148 ilkinjisinde \u201cNote 20\u201d-ni\u0148 modellerini, ikinjisinde bolsa, \u201cGalaxy Z Fold 2\u201d-ni k\u00f6p\u00e7\u00fclige \u00fdetiripdi.<\/p>\n","protected":false},"excerpt":{"rendered":"<p>\u201cSamsung\u201d kompani\u00fdasyny\u0148 t\u00e4ze \u00f6n\u00fcmleri bilen tany\u015fdyr\u00fdan \u00e7\u00e4resi bolan \u201cUnpacked\u201d-i\u0148 nobatdakysy 23-nji sent\u00fdabrda ge\u00e7iriler. Kompani\u00fdany\u0148 14-nji sent\u00fdabrynda \u00fda\u00fdradan metbugat be\u00fdanatynda bu barada a\u00fddyl\u00fdar. \u201c\u00ddyllary\u0148 dowamynda \u201cSamsung\u201d kompani\u00fdasy bilen \u201cGalaxy\u201d modelini\u0148 mu\u015fdaklaryny\u0148 arasynda a\u00fdratyn baglany\u015fyk emele geldi. Mu\u015fdaklary\u0148 gymmatly teswirleri tolgundyryjy innowasi\u00fdalary amala a\u015fyrmaga \u00fdardam berdi, \u015fe\u00fdle hem mobil telefon ulanyly\u015fyny k\u00e4mille\u015fdirdi\u201d di\u00fdlip, kompani\u00fdany\u0148 be\u00fdanatynda a\u00fddyl\u00fdar. D\u00e4p [&hellip;]<\/p>\n","protected":false},"author":2,"featured_media":33795,"comment_status":"open","ping_status":"closed","sticky":false,"template":"","format":"standard","meta":{"footnotes":""},"categories":[8],"tags":[374,375],"acf":[],"_links":{"self":[{"href":"https:\/\/zamanturkmenistan.com.tm\/index.php?rest_route=\/wp\/v2\/posts\/33792"}],"collection":[{"href":"https:\/\/zamanturkmenistan.com.tm\/index.php?rest_route=\/wp\/v2\/posts"}],"about":[{"href":"https:\/\/zamanturkmenistan.com.tm\/index.php?rest_route=\/wp\/v2\/types\/post"}],"author":[{"embeddable":true,"href":"https:\/\/zamanturkmenistan.com.tm\/index.php?rest_route=\/wp\/v2\/users\/2"}],"replies":[{"embeddable":true,"href":"https:\/\/zamanturkmenistan.com.tm\/index.php?rest_route=%2Fwp%2Fv2%2Fcomments&post=33792"}],"version-history":[{"count":0,"href":"https:\/\/zamanturkmenistan.com.tm\/index.php?rest_route=\/wp\/v2\/posts\/33792\/revisions"}],"wp:featuredmedia":[{"embeddable":true,"href":"https:\/\/zamanturkmenistan.com.tm\/index.php?rest_route=\/wp\/v2\/media\/33795"}],"wp:attachment":[{"href":"https:\/\/zamanturkmenistan.com.tm\/index.php?rest_route=%2Fwp%2Fv2%2Fmedia&parent=33792"}],"wp:term":[{"taxonomy":"category","embeddable":true,"href":"https:\/\/zamanturkmenistan.com.tm\/index.php?rest_route=%2Fwp%2Fv2%2Fcategories&post=33792"},{"taxonomy":"post_tag","embeddable":true,"href":"https:\/\/zamanturkmenistan.com.tm\/index.php?rest_route=%2Fwp%2Fv2%2Ftags&post=33792"}],"curies":[{"name":"wp","href":"https:\/\/api.w.org\/{rel}","templated":true}]}}