{"id":33860,"date":"2020-09-16T11:54:44","date_gmt":"2020-09-16T06:54:44","guid":{"rendered":"https:\/\/zamanturkmenistan.com.tm\/?p=33860"},"modified":"2020-09-16T11:55:05","modified_gmt":"2020-09-16T06:55:05","slug":"yosihide-suga-yaponiyanyn-taze-premyer-ministri-boldy","status":"publish","type":"post","link":"https:\/\/zamanturkmenistan.com.tm\/?p=33860","title":{"rendered":"\u00ddosihide Suga \u00ddaponi\u00fdany\u0148 t\u00e4ze Prem\u00fder-ministri boldy"},"content":{"rendered":"<p>16-njy sent\u00fdabrda \u00ddaponi\u00fdany\u0148 Wekiller palatasy t\u00e4ze Prem\u00fder-ministri sa\u00fdlamak maksady bilen adatdan da\u015fary maslahat ge\u00e7irdi. Maslahatda \u00fdurdu\u0148 dolandyryjy Liberal demokratik parti\u00fdasyny\u0148 t\u00e4ze ba\u015flygy \u00ddosihide Suga Prem\u00fder-ministr h\u00f6km\u00fcnde tassyklandy.<\/p>\n<p>\u00ddosihide Sugany\u0148 dala\u015fg\u00e4rligi esasan, Parlamenti\u0148 a\u015faky palatasyny\u0148 (Wekiller palatasy) wekillerini\u0148 k\u00f6p\u00fcsi tarapyndan goldandy. \u00ddosihide Suga a\u015faky palatany\u0148 462 wekilini\u0148 314-sini\u0148 sesine e\u00fde boldy, \u00fcstesine-de, \u00fdokarky palatada sesleri\u0148 k\u00f6pl\u00fcgine e\u00fde boldy.<\/p>\n<p>14-nji sent\u00fdabrda Libereal demokratik parti\u00fdasyny\u0148 t\u00e4ze ba\u015flygy wezipesine sa\u00fdlanan 71 \u00fda\u015fly \u00ddosihide Suga, sekiz \u00fdyla gola\u00fd Ministrler Kabinetini\u0148 ba\u015f sekretary bolup i\u015fledi we metbugat wekilleri \u00fc\u00e7in ni\u00fdetlenen maslahatlarda h\u00f6k\u00fcmeti\u0148 sy\u00fdasatyny d\u00fc\u015f\u00fcndirip \u00e7yky\u015f etdi.<\/p>\n","protected":false},"excerpt":{"rendered":"<p>16-njy sent\u00fdabrda \u00ddaponi\u00fdany\u0148 Wekiller palatasy t\u00e4ze Prem\u00fder-ministri sa\u00fdlamak maksady bilen adatdan da\u015fary maslahat ge\u00e7irdi. Maslahatda \u00fdurdu\u0148 dolandyryjy Liberal demokratik parti\u00fdasyny\u0148 t\u00e4ze ba\u015flygy \u00ddosihide Suga Prem\u00fder-ministr h\u00f6km\u00fcnde tassyklandy. \u00ddosihide Sugany\u0148 dala\u015fg\u00e4rligi esasan, Parlamenti\u0148 a\u015faky palatasyny\u0148 (Wekiller palatasy) wekillerini\u0148 k\u00f6p\u00fcsi tarapyndan goldandy. \u00ddosihide Suga a\u015faky palatany\u0148 462 wekilini\u0148 314-sini\u0148 sesine e\u00fde boldy, \u00fcstesine-de, \u00fdokarky palatada sesleri\u0148 k\u00f6pl\u00fcgine [&hellip;]<\/p>\n","protected":false},"author":2,"featured_media":33859,"comment_status":"closed","ping_status":"closed","sticky":false,"template":"","format":"standard","meta":{"footnotes":""},"categories":[5],"tags":[],"acf":[],"_links":{"self":[{"href":"https:\/\/zamanturkmenistan.com.tm\/index.php?rest_route=\/wp\/v2\/posts\/33860"}],"collection":[{"href":"https:\/\/zamanturkmenistan.com.tm\/index.php?rest_route=\/wp\/v2\/posts"}],"about":[{"href":"https:\/\/zamanturkmenistan.com.tm\/index.php?rest_route=\/wp\/v2\/types\/post"}],"author":[{"embeddable":true,"href":"https:\/\/zamanturkmenistan.com.tm\/index.php?rest_route=\/wp\/v2\/users\/2"}],"replies":[{"embeddable":true,"href":"https:\/\/zamanturkmenistan.com.tm\/index.php?rest_route=%2Fwp%2Fv2%2Fcomments&post=33860"}],"version-history":[{"count":0,"href":"https:\/\/zamanturkmenistan.com.tm\/index.php?rest_route=\/wp\/v2\/posts\/33860\/revisions"}],"wp:featuredmedia":[{"embeddable":true,"href":"https:\/\/zamanturkmenistan.com.tm\/index.php?rest_route=\/wp\/v2\/media\/33859"}],"wp:attachment":[{"href":"https:\/\/zamanturkmenistan.com.tm\/index.php?rest_route=%2Fwp%2Fv2%2Fmedia&parent=33860"}],"wp:term":[{"taxonomy":"category","embeddable":true,"href":"https:\/\/zamanturkmenistan.com.tm\/index.php?rest_route=%2Fwp%2Fv2%2Fcategories&post=33860"},{"taxonomy":"post_tag","embeddable":true,"href":"https:\/\/zamanturkmenistan.com.tm\/index.php?rest_route=%2Fwp%2Fv2%2Ftags&post=33860"}],"curies":[{"name":"wp","href":"https:\/\/api.w.org\/{rel}","templated":true}]}}