{"id":33961,"date":"2020-09-18T15:36:58","date_gmt":"2020-09-18T10:36:58","guid":{"rendered":"https:\/\/zamanturkmenistan.com.tm\/?p=33961"},"modified":"2020-09-18T15:36:58","modified_gmt":"2020-09-18T10:36:58","slug":"bundesliganyn-taze-mowsuminin-ilkinji-dususygy-turkmenistan-sport-teleyaylymynda-gorkeziler","status":"publish","type":"post","link":"https:\/\/zamanturkmenistan.com.tm\/?p=33961","title":{"rendered":"\u201cBundesligany\u0148\u201d t\u00e4ze m\u00f6ws\u00fcmini\u0148 ilkinji du\u015fu\u015fygy \u201cT\u00fcrkmenistan Sport\u201d tele\u00fda\u00fdlymynda g\u00f6rkeziler"},"content":{"rendered":"<p>\u00ddewropany\u0148 \u00f6\u0148debaryjy \u00e7empionatlaryny\u0148 biri-de Germani\u00fdany\u0148 \u201cBundesligasy\u201d bolup, UEFA-ny\u0148 i\u0148 uly kubogyny tamamlanan m\u00f6ws\u00fcmde nemes topary \u201cBawari\u00fda\u201d gazandy. Edil \u201c\u00dduwentusy\u0148\u201d \u201cSerie A\u201d-daky ba\u015farnygyny \u201cBundesligada\u201d ga\u00fdtala\u00fdan \u201cBawari\u00fda\u201d t\u00e4ze 58-nji m\u00f6ws\u00fcmde-de \u00e7empionlygy\u0148 i\u0148 esasy, \u201cBorussi\u00fda Dortmund\u201d topary-da \u00e7empionlygy\u0148 2-nji dala\u015fg\u00e4ri hasaplan\u00fdar.<\/p>\n<p>\u015eu g\u00fcn \u201cBundesligany\u0148\u201d t\u00e4ze m\u00f6ws\u00fcmine badalga berler. M\u00f6ws\u00fcmi\u0148 ilkinji du\u015fu\u015fygynda \u00e7empion \u201cBawari\u00fda\u201d \u00f6z me\u00fddan\u00e7asynda \u201c\u015ealke\u201d toparyny kabul eder. 23:30-da ba\u015flanjak o\u00fdun \u201cT\u00fcrkmenistan sport\u201d tele\u00fda\u00fdlymy arkaly g\u00f6ni \u00fda\u00fdlymda g\u00f6rkeziler. \u00a0<\/p>\n<p><strong>\u201c<\/strong><strong>BAWARI\u00ddA<\/strong><strong>\u201d.<\/strong> Ge\u00e7en m\u00f6ws\u00fcmi 3 kubok bilen we \u00fdene-de birn\u00e4\u00e7e kubogy\u0148 bosagasynda duran \u201cBawari\u00fda\u201d g\u00fcrr\u00fc\u0148siz nemes futbolyny\u0148 lokomotiwi. Hans-Diter Fliki\u0148 t\u00e4lim\u00e7iligind\u00e4ki topar Lero\u00fd Saneni transfer etdi. Topary\u0148 d\u00fcz\u00fcminden Kountinio, Peri\u015fi\u00e7 \u00f6\u0148ki klublaryna dolandy. M\u00fcnhenliler Tiago Alkantarany-da \u201cLiwerpula\u201d transfer etdiler. Mu\u0148a garamazdan, Lewandowski, Gnabri, Goreska, No\u00fder, Alaba, Dewies, Koman \u00fdaly \u00fdyldyzlaryna bil bagla\u00fdan topary\u0148 bassyr 9-njy \u00e7empionlygyny-da gazanmagy \u00fc\u00e7in hi\u00e7 hili p\u00e4sgel\u00e7ilik \u00fdok.<\/p>\n<p><strong>\u201c<\/strong><strong>BORUSSI\u00ddA D<\/strong><strong>\u201d.<\/strong> \u00ddurdu\u0148 ikinji i\u0148 uly topary \u201cBorussi\u00fda Dortmunddan\u201d Hakimi, G\u00fdotse \u00fdaly o\u00fdun\u00e7ylar topardan ugratdy. Tomas Mo\u00fdneri, Jude Bellingemi transfer eden dortmundlylar \u00fdene-de Lusen Fawreni\u0148 t\u00e4lim\u00e7iliginde \u201cBawari\u00fdany\u0148\u201d \u00fdal\u0148y\u015faryna gara\u015fyp, \u00e7empionlyk ugrunda \u00fditi g\u00f6re\u015f alyp bararlar. Topary\u0148 jank\u00f6\u00fderleri Holann, San\u00e7o, Ro\u00fds, Witsel, Torgan Hazar \u00fdaly o\u00fdun\u00e7ylardan uly tama ed\u00fd\u00e4rler.<\/p>\n<p>\u201cLEIPSIG\u201d. Esasy \u00fdyldyzy Timo Werneri \u201c\u00c7els\u00e4\u201d ugradan \u201cLeipsig\u201d toparyny\u0148 jank\u00f6\u00fderleri \u00fda\u015f t\u00e4lim\u00e7i \u00ddulien Nagelsmanna uly ynam bildir\u00fd\u00e4r. \u00c7empionlar ligasynda \u015fowly \u00e7yky\u015f eden \u201cLeipsig\u201d yzly-yzyna 2 gezek b\u00fcr\u00fcn\u00e7 medala mynasyp boldy we t\u00e4ze m\u00f6ws\u00fcmde-de i\u0148 bolmanda, \u015fol ba\u015farnygyny ga\u00fdtalamak \u00fc\u00e7in g\u00f6re\u015fer.<\/p>\n<p>BE\u00ddLEKILER. M\u00fcnhengladbah \u015f\u00e4herini\u0148 \u201cBorussi\u00fda\u201d topary, esasy o\u00fdun\u00e7ylaryny ugradan \u201cBa\u00fderi\u201d, \u015fol sanda \u201c\u015ealkeNI\u201d \u00f6\u0148d\u00e4ki orunlary\u0148 i\u0148 esasy dala\u015fg\u00e4r toparlary h\u00f6km\u00fcnde g\u00f6rkezmek bolar.<\/p>\n<p>18 topary\u0148 \u00e7yky\u015f ed\u00fd\u00e4n \u201cBundesligasynda\u201d 11 klubu\u0148 t\u00e4lim\u00e7isi \u00fderli h\u00fcn\u00e4rmenlerdir. AB\u015e-dan, Awstri\u00fdadyr \u015ewe\u00fdsari\u00fdadan 2 hem-de Niderlandlardan 1 t\u00e4lim\u00e7i nemes klublaryna t\u00e4lim berer.<\/p>\n<p>Ligany\u0148 t\u00e4ze klublary \u201c\u015etutgart\u201d bilen \u201cArminia Bielefeld\u201d toparlaryny\u0148 birinjisi 1 \u00fdyllyk arakesmeden so\u0148, \u201cBundesliga\u201d dolandy. \u201cArminia Bielefeld\u201d bolsa, 11 \u00fdyldan so\u0148, nemes futbolyny\u0148 i\u0148 \u00fdokary ligasynda \u00e7yky\u015f eder.<\/p>\n","protected":false},"excerpt":{"rendered":"<p>\u00ddewropany\u0148 \u00f6\u0148debaryjy \u00e7empionatlaryny\u0148 biri-de Germani\u00fdany\u0148 \u201cBundesligasy\u201d bolup, UEFA-ny\u0148 i\u0148 uly kubogyny tamamlanan m\u00f6ws\u00fcmde nemes topary \u201cBawari\u00fda\u201d gazandy. Edil \u201c\u00dduwentusy\u0148\u201d \u201cSerie A\u201d-daky ba\u015farnygyny \u201cBundesligada\u201d ga\u00fdtala\u00fdan \u201cBawari\u00fda\u201d t\u00e4ze 58-nji m\u00f6ws\u00fcmde-de \u00e7empionlygy\u0148 i\u0148 esasy, \u201cBorussi\u00fda Dortmund\u201d topary-da \u00e7empionlygy\u0148 2-nji dala\u015fg\u00e4ri hasaplan\u00fdar. \u015eu g\u00fcn \u201cBundesligany\u0148\u201d t\u00e4ze m\u00f6ws\u00fcmine badalga berler. M\u00f6ws\u00fcmi\u0148 ilkinji du\u015fu\u015fygynda \u00e7empion \u201cBawari\u00fda\u201d \u00f6z me\u00fddan\u00e7asynda \u201c\u015ealke\u201d toparyny kabul [&hellip;]<\/p>\n","protected":false},"author":2,"featured_media":33960,"comment_status":"closed","ping_status":"closed","sticky":false,"template":"","format":"standard","meta":{"footnotes":""},"categories":[13],"tags":[],"acf":[],"_links":{"self":[{"href":"https:\/\/zamanturkmenistan.com.tm\/index.php?rest_route=\/wp\/v2\/posts\/33961"}],"collection":[{"href":"https:\/\/zamanturkmenistan.com.tm\/index.php?rest_route=\/wp\/v2\/posts"}],"about":[{"href":"https:\/\/zamanturkmenistan.com.tm\/index.php?rest_route=\/wp\/v2\/types\/post"}],"author":[{"embeddable":true,"href":"https:\/\/zamanturkmenistan.com.tm\/index.php?rest_route=\/wp\/v2\/users\/2"}],"replies":[{"embeddable":true,"href":"https:\/\/zamanturkmenistan.com.tm\/index.php?rest_route=%2Fwp%2Fv2%2Fcomments&post=33961"}],"version-history":[{"count":0,"href":"https:\/\/zamanturkmenistan.com.tm\/index.php?rest_route=\/wp\/v2\/posts\/33961\/revisions"}],"wp:featuredmedia":[{"embeddable":true,"href":"https:\/\/zamanturkmenistan.com.tm\/index.php?rest_route=\/wp\/v2\/media\/33960"}],"wp:attachment":[{"href":"https:\/\/zamanturkmenistan.com.tm\/index.php?rest_route=%2Fwp%2Fv2%2Fmedia&parent=33961"}],"wp:term":[{"taxonomy":"category","embeddable":true,"href":"https:\/\/zamanturkmenistan.com.tm\/index.php?rest_route=%2Fwp%2Fv2%2Fcategories&post=33961"},{"taxonomy":"post_tag","embeddable":true,"href":"https:\/\/zamanturkmenistan.com.tm\/index.php?rest_route=%2Fwp%2Fv2%2Ftags&post=33961"}],"curies":[{"name":"wp","href":"https:\/\/api.w.org\/{rel}","templated":true}]}}