{"id":34002,"date":"2020-09-18T21:51:31","date_gmt":"2020-09-18T16:51:31","guid":{"rendered":"https:\/\/zamanturkmenistan.com.tm\/?p=34002"},"modified":"2020-09-18T21:51:33","modified_gmt":"2020-09-18T16:51:33","slug":"global-onumcilik-pudagy-osuse-tayyar","status":"publish","type":"post","link":"https:\/\/zamanturkmenistan.com.tm\/?p=34002","title":{"rendered":"Glo\u00adbal \u00f6n\u00fcm\u00ad\u00e7i\u00adlik  pu\u00adda\u00adgy \u00f6s\u00fc\u00ad\u015fe ta\u00fd\u00ad\u00fdar"},"content":{"rendered":"\n<p>\u00abMoo\u00addy\u2019s\u00bb hal\u00adka\u00adra re\u00fd\u00adting eda\u00adra\u00adsy d\u00fcn\u00ad\u00fd\u00e4\u00adde eme\u00adle ge\u00adlen \u00e7yl\u00ad\u015fy\u00adrym\u00adly \u00fdag\u00adda\u00fdlar se\u00adb\u00e4p\u00adli \u00f6n\u00fcm\u00ad\u00e7i\u00adlik pu\u00adda\u00adgyn\u00adda\u00adky \u00fd\u00fc\u00adze \u00e7y\u00adkan b\u00f6k\u00adden\u00e7\u00adli\u00adgi\u0148 yz\u00adda ga\u00adlan\u00addy\u00adgy\u00adny we bu pu\u00adda\u00adgy\u0148 \u00f6s\u00fc\u00ad\u015fe ta\u00fd\u00ad\u00fdar\u00addy\u00adgy\u00adny m\u00e4\u00adlim et\u00addi. Re\u00fd\u00adting eda\u00adra\u00adsy\u00adny\u0148 \u00fda\u00fd\u00adra\u00addan be\u00ad\u00fda\u00adna\u00adtyn\u00adda 2021-nji \u00fdyl\u00adda bu ugur\u00adda yk\u00addy\u00adsa\u00addy \u00f6s\u00fc\u00ad\u015fe ga\u00adra\u00ad\u015fyl\u00ad\u00fdan\u00addy\u00adgy m\u00e4lim edil\u00addi. \u00abMoo\u00addy\u2019s\u00bb se\u00adna\u00adgat bi\u00adlen bag\u00adly mag\u00adlu\u00admat\u00adla\u00adry we kom\u00adpa\u00adni\u00ad\u00fda\u00adla\u00adry\u0148 ikin\u00adji \u00e7\u00e4r\u00ad\u00fdek\u00adde ga\u00adza\u00adnan ne\u00adti\u00adje\u00adle\u00adri g\u00f6z \u00f6\u0148\u00fcn\u00adde tu\u00adtu\u00adlan\u00adda, \u00f6n\u00fcm\u00ad\u00e7i\u00adlik pu\u00adda\u00adgy\u00adny\u0148 has dur\u00adnuk\u00adly\u00addy\u00adgy\u00adny a\u00fd\u00addyp bol\u00adjak\u00addy\u00adgy\u00adna \u00fcn\u00adsi \u00e7ek\u00ad\u00fd\u00e4r. \u015ee\u00fd\u00adle hem, be\u00ad\u00fda\u00adnat\u00adda awia\u00adsi\u00ad\u00fda pu\u00adda\u00adgyn\u00adda u\u00e7ar\u00adla\u00adra bo\u00adlan is\u00adle\u00adgi\u0148 azal\u00adma\u00adgy bi\u00adlen, bu ugur\u00adda i\u015f alyp bar\u00ad\u00fdan kom\u00adpa\u00adni\u00ad\u00fda\u00adlar\u00adda kyn\u00ad\u00e7y\u00adlyk\u00adla\u00adry\u0148 do\u00adwam et\u00adjek\u00addi\u00adgi a\u00fd\u00addyl\u00ad\u00fdar. Em\u00adma bi\u00adna\u00adla\u00adry\u0148 gur\u00adlu\u00ad\u015fy\u00adgy we se\u00adna\u00adgat\u00adda aw\u00adto\u00admat\u00adla\u015f\u00addy\u00adry\u00adlan ul\u00adgam\u00adla\u00adry \u00f6n\u00add\u00fcr\u00adijileri\u0148 uzak\u00adm\u00f6h\u00adlet\u00adli \u00f6s\u00fc\u00ad\u015fi\u00adni\u0148 do\u00adwam et\u00addir\u00adjek\u00addi\u00adgi bel\u00adle\u00adnil\u00ad\u00fd\u00e4r. <\/p>\n\n\n\n<p style=\"text-align:right\"><strong>Annamuhammet MOMMY\u00ddEW,<\/strong> <br>T\u00fcrk\u00admen d\u00f6w\u00adlet yk\u00addy\u00adsa\u00addy\u00ad\u00fdet we <br>do\u00adlan\u00addy\u00adry\u015f ins\u00adti\u00adtu\u00adty\u00adny\u0148 mugallymy.<\/p>\n","protected":false},"excerpt":{"rendered":"<p>\u00abMoo\u00addy\u2019s\u00bb hal\u00adka\u00adra re\u00fd\u00adting eda\u00adra\u00adsy d\u00fcn\u00ad\u00fd\u00e4\u00adde eme\u00adle ge\u00adlen \u00e7yl\u00ad\u015fy\u00adrym\u00adly \u00fdag\u00adda\u00fdlar se\u00adb\u00e4p\u00adli \u00f6n\u00fcm\u00ad\u00e7i\u00adlik pu\u00adda\u00adgyn\u00adda\u00adky \u00fd\u00fc\u00adze \u00e7y\u00adkan b\u00f6k\u00adden\u00e7\u00adli\u00adgi\u0148 yz\u00adda ga\u00adlan\u00addy\u00adgy\u00adny we bu pu\u00adda\u00adgy\u0148 \u00f6s\u00fc\u00ad\u015fe ta\u00fd\u00ad\u00fdar\u00addy\u00adgy\u00adny m\u00e4\u00adlim et\u00addi. Re\u00fd\u00adting eda\u00adra\u00adsy\u00adny\u0148 \u00fda\u00fd\u00adra\u00addan be\u00ad\u00fda\u00adna\u00adtyn\u00adda 2021-nji \u00fdyl\u00adda bu ugur\u00adda yk\u00addy\u00adsa\u00addy \u00f6s\u00fc\u00ad\u015fe ga\u00adra\u00ad\u015fyl\u00ad\u00fdan\u00addy\u00adgy m\u00e4lim edil\u00addi. \u00abMoo\u00addy\u2019s\u00bb se\u00adna\u00adgat bi\u00adlen bag\u00adly mag\u00adlu\u00admat\u00adla\u00adry we kom\u00adpa\u00adni\u00ad\u00fda\u00adla\u00adry\u0148 ikin\u00adji \u00e7\u00e4r\u00ad\u00fdek\u00adde ga\u00adza\u00adnan ne\u00adti\u00adje\u00adle\u00adri g\u00f6z \u00f6\u0148\u00fcn\u00adde tu\u00adtu\u00adlan\u00adda, \u00f6n\u00fcm\u00ad\u00e7i\u00adlik pu\u00adda\u00adgy\u00adny\u0148 has dur\u00adnuk\u00adly\u00addy\u00adgy\u00adny [&hellip;]<\/p>\n","protected":false},"author":2,"featured_media":34003,"comment_status":"open","ping_status":"closed","sticky":false,"template":"","format":"standard","meta":{"footnotes":""},"categories":[5],"tags":[],"acf":[],"_links":{"self":[{"href":"https:\/\/zamanturkmenistan.com.tm\/index.php?rest_route=\/wp\/v2\/posts\/34002"}],"collection":[{"href":"https:\/\/zamanturkmenistan.com.tm\/index.php?rest_route=\/wp\/v2\/posts"}],"about":[{"href":"https:\/\/zamanturkmenistan.com.tm\/index.php?rest_route=\/wp\/v2\/types\/post"}],"author":[{"embeddable":true,"href":"https:\/\/zamanturkmenistan.com.tm\/index.php?rest_route=\/wp\/v2\/users\/2"}],"replies":[{"embeddable":true,"href":"https:\/\/zamanturkmenistan.com.tm\/index.php?rest_route=%2Fwp%2Fv2%2Fcomments&post=34002"}],"version-history":[{"count":0,"href":"https:\/\/zamanturkmenistan.com.tm\/index.php?rest_route=\/wp\/v2\/posts\/34002\/revisions"}],"wp:featuredmedia":[{"embeddable":true,"href":"https:\/\/zamanturkmenistan.com.tm\/index.php?rest_route=\/wp\/v2\/media\/34003"}],"wp:attachment":[{"href":"https:\/\/zamanturkmenistan.com.tm\/index.php?rest_route=%2Fwp%2Fv2%2Fmedia&parent=34002"}],"wp:term":[{"taxonomy":"category","embeddable":true,"href":"https:\/\/zamanturkmenistan.com.tm\/index.php?rest_route=%2Fwp%2Fv2%2Fcategories&post=34002"},{"taxonomy":"post_tag","embeddable":true,"href":"https:\/\/zamanturkmenistan.com.tm\/index.php?rest_route=%2Fwp%2Fv2%2Ftags&post=34002"}],"curies":[{"name":"wp","href":"https:\/\/api.w.org\/{rel}","templated":true}]}}