{"id":34030,"date":"2020-09-18T22:06:25","date_gmt":"2020-09-18T17:06:25","guid":{"rendered":"https:\/\/zamanturkmenistan.com.tm\/?p=34030"},"modified":"2020-09-18T22:06:27","modified_gmt":"2020-09-18T17:06:27","slug":"yaponiyanyn-taze-premyer-ministri","status":"publish","type":"post","link":"https:\/\/zamanturkmenistan.com.tm\/?p=34030","title":{"rendered":"\u00dda\u00adpo\u00adni\u00ad\u00fda\u00adny\u0148 t\u00e4\u00adze Prem\u00ad\u00fder-mi\u00adnist\u00adri"},"content":{"rendered":"<p>T\u00fcrkmenistany\u0148 Pre\u00adzi\u00adden\u00adti Gurbanguly Berdimuhamedow je\u00adnap Su\u00adga \u00ddo\u00adsi\u00adhi\u00adde \u00dda\u00adpo\u00adni\u00ad\u00fda\u00adny\u0148 Prem\u00ad\u00fder-mi\u00adnist\u00adri we\u00adzi\u00adpe\u00adsi\u00adne sa\u00fd\u00adlan\u00adma\u00adgy my\u00adna\u00adsy\u00adbet\u00adli gut\u00adlag\u00adla\u00adry\u00adny we i\u0148 go\u00adwy ar\u00adzuw\u00adla\u00adry\u00adny iber\u00addi. \u00abSi\u00adzi\u0148 \u00fdol\u00adba\u015f\u00ad\u00e7y\u00adly\u00adgy\u00ad\u0148yz\u00adda \u00dda\u00adpo\u00adni\u00ad\u00fda\u00adny\u0148 sy\u00ad\u00fda\u00adsy we dur\u00admu\u015f-yk\u00addy\u00adsa\u00addy \u00f6s\u00fc\u015f\u00adler\u00adde t\u00e4\u00adze sep\u00adgit\u00adle\u00adre \u00fdet\u00adjek\u00addi\u00adgi\u00adne, \u015fe\u00fd\u00adle hem hal\u00adka\u00adra gi\u00ad\u0148i\u015f\u00adlik\u00adde \u00f6z at-ab\u00adra\u00ad\u00fdy\u00adny has-da ber\u00adkit\u00adjek\u00addi\u00adgi\u00adne ynan\u00ad\u00fda\u00adryn\u00bb di\u00ad\u00fdip, mil\u00adli Li\u00adde\u00adri\u00admiz \u00f6z ha\u00adtyn\u00adda belledi.<\/p>\n<p>16-njy sent\u00ad\u00fdabr\u00adda \u00dda\u00adpo\u00adni\u00ad\u00fda\u00adny\u0148 Par\u00adla\u00admen\u00adti\u00adni\u0148 we\u00adkil\u00adler pa\u00adla\u00adta\u00adsy t\u00e4\u00adze Prem\u00ad\u00fder-mi\u00adnist\u00adri sa\u00fd\u00adla\u00admak mak\u00adsa\u00addy bi\u00adlen adat\u00addan da\u00ad\u015fa\u00adry mas\u00adla\u00adhat ge\u00ad\u00e7ir\u00addi. Mas\u00adla\u00adhat\u00adda \u00fdur\u00addu\u0148 do\u00adlan\u00addy\u00adry\u00adjy Li\u00adbe\u00adral de\u00admok\u00adra\u00adtik par\u00adti\u00ad\u00fda\u00adsy\u00adny\u0148 t\u00e4\u00adze ba\u015f\u00adly\u00adgy Su\u00adga \u00ddo\u00adsi\u00adhi\u00adde Prem\u00ad\u00fder-mi\u00adnistr h\u00f6k\u00adm\u00fcn\u00adde tas\u00adsyk\u00adlan\u00addy.<br \/>\nSu\u00adga \u00ddo\u00adsi\u00adhi\u00addeni\u0148 da\u00adla\u015f\u00adg\u00e4r\u00adli\u00adgi esa\u00adsan, Par\u00adla\u00admen\u00adti\u0148 a\u015fa\u00adky pa\u00adla\u00adta\u00adsy\u00adny\u0148 (we\u00adkil\u00adler pa\u00adla\u00adta\u00adsy) we\u00adkil\u00adle\u00adri\u00adni\u0148 k\u00f6\u00adp\u00fc\u00adsi ta\u00adra\u00adpyn\u00addan ma\u00adkul\u00adlan\u00addy. Su\u00adga \u00ddo\u00adsi\u00adhi\u00adde a\u015fa\u00adky pa\u00adla\u00adta\u00adny\u0148 462 we\u00adki\u00adli\u00adni\u0148 314-si\u00adni\u0148 se\u00adsi\u00adne e\u00fde bol\u00addy, \u00fcs\u00adte\u00adsi\u00adne-de, \u00fdo\u00adkar\u00adky pa\u00adla\u00adta\u00adda ses\u00adle\u00adri\u0148 k\u00f6p\u00adl\u00fc\u00adgi\u00adne e\u00fde bol\u00addy.<br \/>\nOzal\u00adky ka\u00adbi\u00adne\u00adti\u0148 i\u015fi \u00fda\u00adty\u00adry\u00adlan\u00addan so\u0148,  Prem\u00ad\u00fder-mi\u00adnistr Mi\u00adnistr\u00adler Ka\u00adbi\u00adne\u00adti\u00adni\u0148 t\u00e4\u00adze d\u00fc\u00adz\u00fc\u00admi\u00adni tas\u00adsyk\u00adla\u00addy. T\u00e4\u00adze d\u00fc\u00adz\u00fcm\u00adde esa\u00adsy we\u00adzi\u00adpe\u00adle\u00adri\u0148 k\u00f6\u00adp\u00fc\u00adsi\u00adni Sind\u00adzo Abe\u00adni\u0148 h\u00f6\u00adk\u00fc\u00adme\u00adti\u00adni\u0148 ag\u00adza\u00adla\u00adry e\u00fde\u00adle\u00ad\u00fd\u00e4r\u00adler. \u015ee\u00fd\u00adle\u00adlik bi\u00adlen, Da\u00ad\u015fa\u00adry i\u015f\u00adler mi\u00adnist\u00adri To\u00adsi\u00admi\u00adsu Mo\u00adte\u00adgi, Ma\u00adli\u00ad\u00fde mi\u00adnist\u00adri Ta\u00adro Aso, D\u00f6w\u00adlet \u00fder\u00adle\u00adri, inf\u00adrast\u00adruk\u00adtu\u00adra, ulag we sy\u00ad\u00fda\u00adhat\u00ad\u00e7y\u00adlyk mi\u00adnist\u00adri Ka\u00addzu\u00ad\u00fdo\u00adsi Aka\u00adba, \u015fe\u00fd\u00adle hem Olim\u00adpi\u00ad\u00fda\u00adda we Pa\u00adra\u00adlim\u00adpi\u00ad\u00fda\u00adda i\u015f\u00adle\u00adri mi\u00adnist\u00adri Se\u00fd\u00adko Ha\u00adsi\u00admo\u00adto we Yk\u00addy\u00adsa\u00addy di\u00adkel\u00addi\u015f mi\u00adnist\u00adri \u00dda\u00adsu\u00adto\u00adsi Ni\u00adsi\u00admu\u00adra ozal\u00adky we\u00adzi\u00adpe\u00adle\u00adrin\u00adde ga\u00adldy\u00adlar.<br \/>\n\u00dde\u00adri ge\u00adlen\u00adde \u00fdat\u00adlap ge\u00e7\u00adsek, 14-nji aw\u00adgust\u00adda 71 \u00fda\u015f\u00adly Su\u00adga \u00ddo\u00adsi\u00adhi\u00adde Li\u00adbe\u00adral De\u00admok\u00adra\u00adtik par\u00adti\u00ad\u00fda\u00adny\u0148 t\u00e4\u00adze ba\u015f\u00adlyk\u00adly\u00adgy\u00adna sa\u00fd\u00adlan\u00addy. Sag\u00adlyk \u00fdag\u00adda\u00ad\u00fdy se\u00adb\u00e4p\u00adli we\u00adzi\u00adpe\u00adsin\u00adden gi\u00adden Sind\u00adzo Abe\u00adni\u0148 or\u00adnu\u00adna ge\u00adlen Su\u00adga \u00ddo\u00adsi\u00adhi\u00adde, se\u00adkiz \u00fdy\u00adla go\u00adla\u00fd Mi\u00adnistr\u00adler Ka\u00adbi\u00adne\u00adti\u00adni\u0148 ba\u015f sek\u00adre\u00adta\u00adry bo\u00adlup i\u015f\u00adle\u00addi we met\u00adbu\u00adgat we\u00adkil\u00adle\u00adri \u00fc\u00e7in ni\u00ad\u00fdet\u00adle\u00adnen mas\u00adla\u00adhat\u00adlar\u00adda h\u00f6\u00adk\u00fc\u00adme\u00adti\u0148 sy\u00ad\u00fda\u00adsa\u00adty\u00adny d\u00fc\u00ad\u015f\u00fcn\u00addi\u00adrip \u00e7y\u00adky\u015f et\u00addi.<\/p>\n","protected":false},"excerpt":{"rendered":"<p>T\u00fcrkmenistany\u0148 Pre\u00adzi\u00adden\u00adti Gurbanguly Berdimuhamedow je\u00adnap Su\u00adga \u00ddo\u00adsi\u00adhi\u00adde \u00dda\u00adpo\u00adni\u00ad\u00fda\u00adny\u0148 Prem\u00ad\u00fder-mi\u00adnist\u00adri we\u00adzi\u00adpe\u00adsi\u00adne sa\u00fd\u00adlan\u00adma\u00adgy my\u00adna\u00adsy\u00adbet\u00adli gut\u00adlag\u00adla\u00adry\u00adny we i\u0148 go\u00adwy ar\u00adzuw\u00adla\u00adry\u00adny iber\u00addi. \u00abSi\u00adzi\u0148 \u00fdol\u00adba\u015f\u00ad\u00e7y\u00adly\u00adgy\u00ad\u0148yz\u00adda \u00dda\u00adpo\u00adni\u00ad\u00fda\u00adny\u0148 sy\u00ad\u00fda\u00adsy we dur\u00admu\u015f-yk\u00addy\u00adsa\u00addy \u00f6s\u00fc\u015f\u00adler\u00adde t\u00e4\u00adze sep\u00adgit\u00adle\u00adre \u00fdet\u00adjek\u00addi\u00adgi\u00adne, \u015fe\u00fd\u00adle hem hal\u00adka\u00adra gi\u00ad\u0148i\u015f\u00adlik\u00adde \u00f6z at-ab\u00adra\u00ad\u00fdy\u00adny has-da ber\u00adkit\u00adjek\u00addi\u00adgi\u00adne ynan\u00ad\u00fda\u00adryn\u00bb di\u00ad\u00fdip, mil\u00adli Li\u00adde\u00adri\u00admiz \u00f6z ha\u00adtyn\u00adda belledi. 16-njy sent\u00ad\u00fdabr\u00adda \u00dda\u00adpo\u00adni\u00ad\u00fda\u00adny\u0148 Par\u00adla\u00admen\u00adti\u00adni\u0148 we\u00adkil\u00adler pa\u00adla\u00adta\u00adsy t\u00e4\u00adze Prem\u00ad\u00fder-mi\u00adnist\u00adri sa\u00fd\u00adla\u00admak mak\u00adsa\u00addy bi\u00adlen adat\u00addan [&hellip;]<\/p>\n","protected":false},"author":1,"featured_media":34032,"comment_status":"open","ping_status":"closed","sticky":false,"template":"","format":"standard","meta":{"footnotes":""},"categories":[5],"tags":[],"acf":[],"_links":{"self":[{"href":"https:\/\/zamanturkmenistan.com.tm\/index.php?rest_route=\/wp\/v2\/posts\/34030"}],"collection":[{"href":"https:\/\/zamanturkmenistan.com.tm\/index.php?rest_route=\/wp\/v2\/posts"}],"about":[{"href":"https:\/\/zamanturkmenistan.com.tm\/index.php?rest_route=\/wp\/v2\/types\/post"}],"author":[{"embeddable":true,"href":"https:\/\/zamanturkmenistan.com.tm\/index.php?rest_route=\/wp\/v2\/users\/1"}],"replies":[{"embeddable":true,"href":"https:\/\/zamanturkmenistan.com.tm\/index.php?rest_route=%2Fwp%2Fv2%2Fcomments&post=34030"}],"version-history":[{"count":0,"href":"https:\/\/zamanturkmenistan.com.tm\/index.php?rest_route=\/wp\/v2\/posts\/34030\/revisions"}],"wp:featuredmedia":[{"embeddable":true,"href":"https:\/\/zamanturkmenistan.com.tm\/index.php?rest_route=\/wp\/v2\/media\/34032"}],"wp:attachment":[{"href":"https:\/\/zamanturkmenistan.com.tm\/index.php?rest_route=%2Fwp%2Fv2%2Fmedia&parent=34030"}],"wp:term":[{"taxonomy":"category","embeddable":true,"href":"https:\/\/zamanturkmenistan.com.tm\/index.php?rest_route=%2Fwp%2Fv2%2Fcategories&post=34030"},{"taxonomy":"post_tag","embeddable":true,"href":"https:\/\/zamanturkmenistan.com.tm\/index.php?rest_route=%2Fwp%2Fv2%2Ftags&post=34030"}],"curies":[{"name":"wp","href":"https:\/\/api.w.org\/{rel}","templated":true}]}}