{"id":34061,"date":"2020-09-18T22:16:34","date_gmt":"2020-09-18T17:16:34","guid":{"rendered":"https:\/\/zamanturkmenistan.com.tm\/?p=34061"},"modified":"2021-02-26T18:18:26","modified_gmt":"2021-02-26T13:18:26","slug":"oynawaja-menzeyan-suw-jandary","status":"publish","type":"post","link":"https:\/\/zamanturkmenistan.com.tm\/?p=34061","title":{"rendered":"O\u00fd\u00adna\u00adwa\u00adja me\u0148\u00adze\u00ad\u00fd\u00e4n suw jan\u00adda\u00adry"},"content":{"rendered":"<p>Gu\u00adry \u00fder\u00adde bol\u00ad\u015fy \u00fda\u00adly, de\u00ad\u0148iz\u00addir der\u00ad\u00fda\u00adla\u00adry\u0148 hem \u00f6z\u00fc\u00adne mah\u00adsus ekoul\u00adga\u00admy bar. De\u00ad\u0148iz\u00adler\u00adde \u00fda\u00ad\u015fa\u00ad\u00fdan i\u0148 t\u00e4\u00adsin jan\u00addar\u00adla\u00adry\u0148 bi\u00adri hem de\u00ad\u0148iz aty ha\u00adsap\u00adlan\u00ad\u00fdar. Bu jan\u00addar ga\u00addy\u00admy d\u00f6\u00adw\u00fcr\u00adler\u00adden b\u00e4\u00adri adam\u00adla\u00adry\u0148 \u00fcn\u00ads\u00fc\u00adni \u00f6z\u00fc\u00adne \u00e7e\u00adkip\u00addir. Ga\u00addy\u00admy grek me\u00adde\u00adni\u00ad\u00fde\u00adtin\u00adde \u00abHip\u00adpocam\u00adpus\u00bb di\u00fd\u00adlip at\u00adlan\u00addy\u00adry\u00adlan de\u00ad\u0148iz aty\u00adny\u0148 g\u00f6wresini\u0148 \u00fdo\u00adkar\u00adsy aty\u0148 kel\u00adle\u00adsi, a\u015fa\u00adgy ba\u00adlyk g\u00f6r\u00adn\u00fc\u00ad\u015fin\u00adde \u015fe\u00adkil\u00adlen\u00addi\u00adri\u00adlip\u00addir. H\u00e4\u00adzir\u00adki Li\u00adwa\u00adny\u0148 \u00e7\u00e4k\u00adle\u00adrin\u00adde Mi\u00adla\u00addy\u00addan ozal\u00adky IV asy\u00adra de\u00adgi\u015f\u00adli de\u00ad\u0148iz aty \u015fe\u00adkil\u00adlen\u00addi\u00adri\u00adlen \u015fa\u00ad\u00fdy\u00adlyk pul\u00adlar ta\u00adpy\u00adlyp\u00addyr. Ang\u00adli\u00ad\u00fda\u00adda\u00adky Rim ham\u00admam\u00adla\u00adryn\u00adda de\u00ad\u0148iz aty \u015fe\u00adkil\u00adlen\u00addi\u00adri\u00adlen na\u00adgy\u015f\u00adla\u00adry\u0148 \u00fcs\u00adt\u00fcn\u00adden bar\u00adlyp\u00addyr. Bu mag\u00adlu\u00admat\u00adlar adam\u00adla\u00adry\u0148 ir\u00adki d\u00f6\u00adw\u00fcr\u00adler\u00adden b\u00e4\u00adri de\u00ad\u0148iz aty\u00adna bo\u00adlan gy\u00adzyk\u00adlan\u00adma\u00adsy\u00adny\u0148 bar\u00addy\u00adgy\u00adny g\u00f6r\u00adkez\u00ad\u00fd\u00e4r.<br \/>\nBu owa\u00addan\u00adja jan\u00addar\u00adlar ata me\u0148\u00adze\u00ad\u00fd\u00e4n hem bol\u00adsa, alym\u00adlar ony ba\u00adlyk ha\u00adsap\u00adla\u00ad\u00fdar\u00adlar. De\u00ad\u0148iz aty\u00adny\u0148 edil ada\u00adty ba\u00adlyk\u00adla\u00adry\u0148\u00adky \u00fda\u00adly dem aly\u015f or\u00adga\u00adny we \u00fd\u00fcz\u00adg\u00fc\u00e7\u00adle\u00adri bar.<br \/>\nDe\u00ad\u0148iz at\u00adla\u00adry tro\u00adpik we \u00fda\u00adrymt\u00adro\u00adpik suw\u00adlar\u00adda, 45\u00b0 De\u00admir\u00adga\u00adzyk we 45\u00b0 G\u00fc\u00adnor\u00adta pa\u00adral\u00adle\u00adlle\u00adri\u00adni\u0148 ara\u00adsyn\u00adda\u00adky de\u00ad\u0148iz\u00adler\u00adde \u00fda\u00ad\u015fa\u00ad\u00fdarlar. D\u00fcn\u00ad\u00fd\u00e4\u00adni\u0148 d\u00fcr\u00adli de\u00ad\u0148iz\u00adle\u00adrin\u00adde 1,6 san\u00adti\u00admetr\u00adden 35 san\u00adti\u00admet\u00adre \u00e7en\u00adli ulu\u00adlyk\u00adda bo\u00adlan d\u00fcr\u00adli g\u00f6r\u00adn\u00fc\u015f\u00adli de\u00ad\u0148iz at\u00adla\u00adry \u00fda\u00ad\u015fa\u00ad\u00fdar. Bu jan\u00adda\u00adry\u0148 i\u0148 ki\u00ad\u00e7i g\u00f6r\u00adn\u00fc\u00ad\u015fi Ba\u00adgam ada\u00adla\u00adry\u00adny\u0148 go\u00adla\u00ad\u00fdyn\u00adda \u00fda\u00ad\u015fa\u00ad\u00fdar.<br \/>\nSu\u00adwas\u00adty d\u00fcn\u00ad\u00fd\u00e4\u00adsi\u00adni\u0148 owa\u00addan\u00adja jan\u00adda\u00adry\u00adny\u0148 \u00fde\u00adne-de bir a\u00fd\u00adra\u00adtyn\u00adly\u00adgy ha\u00adme\u00adle\u00adon \u00fda\u00adly re\u0148\u00adki\u00adni \u00fc\u00fdt\u00adge\u00addip bil\u00adme\u00adgi\u00addir. Jan\u00addar \u00f6z du\u015f\u00adman\u00adla\u00adryn\u00addan go\u00adran\u00admak \u00fc\u00e7in t\u00f6weregind\u00e4ki gur\u00ad\u015fa\u00adwy\u0148 re\u0148\u00adki\u00adne ge\u00e7\u00ad\u00fd\u00e4r. Has ki\u00ad\u00e7i de\u00ad\u0148iz at\u00adla\u00adry bol\u00adsa, da\u015f\u00adky \u015fe\u00adki\u00adli\u00adni hem \u00fc\u00fdt\u00adged\u00ad\u00fd\u00e4r\u00adler. Ola\u00adry\u0148 be\u00adden\u00adle\u00adrin\u00adde ga\u00adbar\u00ad\u00e7yk eme\u00adle ge\u00adlip, mer\u00adjen\u00adle\u00adri\u0148 ara\u00adsyn\u00adda \u00f6zleri\u00adni giz\u00adle\u00ad\u00fd\u00e4rler.<\/p>\n","protected":false},"excerpt":{"rendered":"<p>Gu\u00adry \u00fder\u00adde bol\u00ad\u015fy \u00fda\u00adly, de\u00ad\u0148iz\u00addir der\u00ad\u00fda\u00adla\u00adry\u0148 hem \u00f6z\u00fc\u00adne mah\u00adsus ekoul\u00adga\u00admy bar. De\u00ad\u0148iz\u00adler\u00adde \u00fda\u00ad\u015fa\u00ad\u00fdan i\u0148 t\u00e4\u00adsin jan\u00addar\u00adla\u00adry\u0148 bi\u00adri hem de\u00ad\u0148iz aty ha\u00adsap\u00adlan\u00ad\u00fdar. Bu jan\u00addar ga\u00addy\u00admy d\u00f6\u00adw\u00fcr\u00adler\u00adden b\u00e4\u00adri adam\u00adla\u00adry\u0148 \u00fcn\u00ads\u00fc\u00adni \u00f6z\u00fc\u00adne \u00e7e\u00adkip\u00addir. Ga\u00addy\u00admy grek me\u00adde\u00adni\u00ad\u00fde\u00adtin\u00adde \u00abHip\u00adpocam\u00adpus\u00bb di\u00fd\u00adlip at\u00adlan\u00addy\u00adry\u00adlan de\u00ad\u0148iz aty\u00adny\u0148 g\u00f6wresini\u0148 \u00fdo\u00adkar\u00adsy aty\u0148 kel\u00adle\u00adsi, a\u015fa\u00adgy ba\u00adlyk g\u00f6r\u00adn\u00fc\u00ad\u015fin\u00adde \u015fe\u00adkil\u00adlen\u00addi\u00adri\u00adlip\u00addir. H\u00e4\u00adzir\u00adki Li\u00adwa\u00adny\u0148 \u00e7\u00e4k\u00adle\u00adrin\u00adde Mi\u00adla\u00addy\u00addan ozal\u00adky IV asy\u00adra de\u00adgi\u015f\u00adli de\u00ad\u0148iz [&hellip;]<\/p>\n","protected":false},"author":1,"featured_media":34068,"comment_status":"open","ping_status":"closed","sticky":false,"template":"","format":"standard","meta":{"footnotes":""},"categories":[9],"tags":[591,593,592],"acf":[],"_links":{"self":[{"href":"https:\/\/zamanturkmenistan.com.tm\/index.php?rest_route=\/wp\/v2\/posts\/34061"}],"collection":[{"href":"https:\/\/zamanturkmenistan.com.tm\/index.php?rest_route=\/wp\/v2\/posts"}],"about":[{"href":"https:\/\/zamanturkmenistan.com.tm\/index.php?rest_route=\/wp\/v2\/types\/post"}],"author":[{"embeddable":true,"href":"https:\/\/zamanturkmenistan.com.tm\/index.php?rest_route=\/wp\/v2\/users\/1"}],"replies":[{"embeddable":true,"href":"https:\/\/zamanturkmenistan.com.tm\/index.php?rest_route=%2Fwp%2Fv2%2Fcomments&post=34061"}],"version-history":[{"count":0,"href":"https:\/\/zamanturkmenistan.com.tm\/index.php?rest_route=\/wp\/v2\/posts\/34061\/revisions"}],"wp:featuredmedia":[{"embeddable":true,"href":"https:\/\/zamanturkmenistan.com.tm\/index.php?rest_route=\/wp\/v2\/media\/34068"}],"wp:attachment":[{"href":"https:\/\/zamanturkmenistan.com.tm\/index.php?rest_route=%2Fwp%2Fv2%2Fmedia&parent=34061"}],"wp:term":[{"taxonomy":"category","embeddable":true,"href":"https:\/\/zamanturkmenistan.com.tm\/index.php?rest_route=%2Fwp%2Fv2%2Fcategories&post=34061"},{"taxonomy":"post_tag","embeddable":true,"href":"https:\/\/zamanturkmenistan.com.tm\/index.php?rest_route=%2Fwp%2Fv2%2Ftags&post=34061"}],"curies":[{"name":"wp","href":"https:\/\/api.w.org\/{rel}","templated":true}]}}