{"id":34182,"date":"2020-09-22T20:34:55","date_gmt":"2020-09-22T15:34:55","guid":{"rendered":"https:\/\/zamanturkmenistan.com.tm\/?p=34182"},"modified":"2020-09-22T20:34:57","modified_gmt":"2020-09-22T15:34:57","slug":"kino-dusmek-ucin-kosmosa-cykar","status":"publish","type":"post","link":"https:\/\/zamanturkmenistan.com.tm\/?p=34182","title":{"rendered":"Kino d\u00fc\u015fmek \u00fc\u00e7in kosmosa \u00e7ykar"},"content":{"rendered":"\n<p>\n\n\n\n\n\n\n\n\n\n\n\n\n\n\n\n\nMe\u015fhur\nakt\u00fdor Tom Kruzu\u0148\nba\u015f ke\u015fbini janlandyrjak, \u201cTesla\u201d kompani\u00fdasyny\u0148 \u00fdolba\u015f\u00e7ysy Ilon Mask hem-de NASA bilen\nhyzmatda\u015flygy\u0148 \u00e7\u00e4klerinde kosmosda d\u00fc\u015f\u00fcriljek kinosyny\u0148 senenamasy belli boldy.\nO\u0148a g\u00f6r\u00e4, Golliwudy\u0148\n\u00fdyldyzy indiki \u00fdyly\u0148 okt\u00fdabr\na\u00fdynda kosmosa gider. \u015ee\u00fdle hem, kino d\u00fc\u015f\u00fcrilende me\u015fhur akt\u00fdory\u0148 \u00fdanynda\nh\u00e4zirki wagtda a\u00e7yk asmanda \u00fd\u00f6remek bo\u00fdun\u00e7a rekordy\u0148 e\u00fdesi Ma\u00fdkl Eladio Lopes-Alegriany\u0148 hem boljakdygy m\u00e4lim edildi.\nKosmosa filmi\u0148 re\u017eiss\u00fdory Dag Liman hem gider. Halkara Kosmos Bekedinde amala a\u015fyryljak\nkinony\u0148 d\u00fc\u015f\u00fcrilmegi \u00fc\u00e7in operator we re\u017eiss\u00fdor \u00fc\u00e7in \u00fd\u00f6rite \u00fder berler. H\u00e4zire\n\u00e7enli kosmos barada onlar\u00e7a kino d\u00fc\u015f\u00fcrilen bolsa hem, bu kino kosmos\ngi\u0148i\u015fliginde d\u00fc\u015f\u00fcrilen ilkinji film bolar.\n\n\n\n<\/p>\n","protected":false},"excerpt":{"rendered":"<p>Me\u015fhur akt\u00fdor Tom Kruzu\u0148 ba\u015f ke\u015fbini janlandyrjak, \u201cTesla\u201d kompani\u00fdasyny\u0148 \u00fdolba\u015f\u00e7ysy Ilon Mask hem-de NASA bilen hyzmatda\u015flygy\u0148 \u00e7\u00e4klerinde kosmosda d\u00fc\u015f\u00fcriljek kinosyny\u0148 senenamasy belli boldy. O\u0148a g\u00f6r\u00e4, Golliwudy\u0148 \u00fdyldyzy indiki \u00fdyly\u0148 okt\u00fdabr a\u00fdynda kosmosa gider. \u015ee\u00fdle hem, kino d\u00fc\u015f\u00fcrilende me\u015fhur akt\u00fdory\u0148 \u00fdanynda h\u00e4zirki wagtda a\u00e7yk asmanda \u00fd\u00f6remek bo\u00fdun\u00e7a rekordy\u0148 e\u00fdesi Ma\u00fdkl Eladio Lopes-Alegriany\u0148 hem boljakdygy m\u00e4lim edildi. [&hellip;]<\/p>\n","protected":false},"author":2,"featured_media":34183,"comment_status":"open","ping_status":"closed","sticky":false,"template":"","format":"standard","meta":{"footnotes":""},"categories":[12],"tags":[],"acf":[],"_links":{"self":[{"href":"https:\/\/zamanturkmenistan.com.tm\/index.php?rest_route=\/wp\/v2\/posts\/34182"}],"collection":[{"href":"https:\/\/zamanturkmenistan.com.tm\/index.php?rest_route=\/wp\/v2\/posts"}],"about":[{"href":"https:\/\/zamanturkmenistan.com.tm\/index.php?rest_route=\/wp\/v2\/types\/post"}],"author":[{"embeddable":true,"href":"https:\/\/zamanturkmenistan.com.tm\/index.php?rest_route=\/wp\/v2\/users\/2"}],"replies":[{"embeddable":true,"href":"https:\/\/zamanturkmenistan.com.tm\/index.php?rest_route=%2Fwp%2Fv2%2Fcomments&post=34182"}],"version-history":[{"count":0,"href":"https:\/\/zamanturkmenistan.com.tm\/index.php?rest_route=\/wp\/v2\/posts\/34182\/revisions"}],"wp:featuredmedia":[{"embeddable":true,"href":"https:\/\/zamanturkmenistan.com.tm\/index.php?rest_route=\/wp\/v2\/media\/34183"}],"wp:attachment":[{"href":"https:\/\/zamanturkmenistan.com.tm\/index.php?rest_route=%2Fwp%2Fv2%2Fmedia&parent=34182"}],"wp:term":[{"taxonomy":"category","embeddable":true,"href":"https:\/\/zamanturkmenistan.com.tm\/index.php?rest_route=%2Fwp%2Fv2%2Fcategories&post=34182"},{"taxonomy":"post_tag","embeddable":true,"href":"https:\/\/zamanturkmenistan.com.tm\/index.php?rest_route=%2Fwp%2Fv2%2Ftags&post=34182"}],"curies":[{"name":"wp","href":"https:\/\/api.w.org\/{rel}","templated":true}]}}