{"id":34190,"date":"2020-09-23T11:31:20","date_gmt":"2020-09-23T06:31:20","guid":{"rendered":"https:\/\/zamanturkmenistan.com.tm\/?p=34190"},"modified":"2020-09-23T11:31:21","modified_gmt":"2020-09-23T06:31:21","slug":"bawariyamy-ya-da-sewilya","status":"publish","type":"post","link":"https:\/\/zamanturkmenistan.com.tm\/?p=34190","title":{"rendered":"\u201cBawari\u00fdamy\u201d \u00fda-da \u201cSewil\u00fda\u201d"},"content":{"rendered":"\n<p>24-nji sent\u00fdabrdan 25-nji sent\u00fdabra\nge\u00e7il\u00fd\u00e4n gijede, \u00fdagny ertir \u00fdarygije UEFA Super Kubogy du\u015fu\u015fygy o\u00fdnalar. 45-nji gezek ge\u00e7iriljek bu du\u015fu\u015fykda UEFA \u00c7empionlar ligasyny\u0148 \u00fde\u0148ijisi \u201cBawari\u00fda\u201d bilen UEFA \u00ddewropa ligasyny\u0148 \u00fde\u0148ijisi \u201cSewil\u00fda\u201d toparlary \u00f6zara du\u015fu\u015farlar.\nWengri\u00fdany\u0148 pa\u00fdtagty Budape\u015ftd\u00e4ki Pu\u015fka\u015f Arenada o\u00fdnaljak o\u00fdun A\u015fgabat wagty bilen 00:00-da ba\u015flar. Du\u015fu\u015fyga\nangli\u00fdaly Entoni\nTe\u00fdlor eminlik\neder. <\/p>\n\n\n\n<p>Bu o\u00fdun iki topary\u0148 \u00f6zara 3-nji du\u015fu\u015fygy\nbolup, olar mundan ozal UEFA \u00c7empionlar\nligasyny\u0148 2017-2018 m\u00f6ws\u00fcminde \u00e7\u00e4r\u00fdek\nfinalda du\u015fu\u015fypdylar. \u015eol o\u00fdunlarda \u201cBawari\u00fda\u201d myhman\u00e7ylykda 2-1 \u00fde\u0148i\u015f gazanypdy. Jogap du\u015fu\u015fygy bolsa\ngolsuz de\u0148likde tamamlanypdy. \n\nIki topar hem \u015fu wagta \u00e7enli di\u0148e 1 gezek bu\narzyly kubogy gazandylar. \u201cSewil\u00fda\u201d 2006-njy, \u201cBawari\u00fda\u201d 2013-nji \u00fdylda kubogy e\u00fdel\u00e4pdi. \u015ee\u00fdle-de \u201cSewil\u00fda\u201d 4 (2007, 2014, 2015, 2016), \u201cBawari\u00fda\u201d 3 (1975, 1976, 2001) gezek UEFA Super Kubogy du\u015fu\u015fygynda\n\u00fde\u0148li\u015fe sezewar boldy.\n\n\n\n<\/p>\n","protected":false},"excerpt":{"rendered":"<p>24-nji sent\u00fdabrdan 25-nji sent\u00fdabra ge\u00e7il\u00fd\u00e4n gijede, \u00fdagny ertir \u00fdarygije UEFA Super Kubogy du\u015fu\u015fygy o\u00fdnalar. 45-nji gezek ge\u00e7iriljek bu du\u015fu\u015fykda UEFA \u00c7empionlar ligasyny\u0148 \u00fde\u0148ijisi \u201cBawari\u00fda\u201d bilen UEFA \u00ddewropa ligasyny\u0148 \u00fde\u0148ijisi \u201cSewil\u00fda\u201d toparlary \u00f6zara du\u015fu\u015farlar. Wengri\u00fdany\u0148 pa\u00fdtagty Budape\u015ftd\u00e4ki Pu\u015fka\u015f Arenada o\u00fdnaljak o\u00fdun A\u015fgabat wagty bilen 00:00-da ba\u015flar. Du\u015fu\u015fyga angli\u00fdaly Entoni Te\u00fdlor eminlik eder. Bu o\u00fdun iki topary\u0148 [&hellip;]<\/p>\n","protected":false},"author":2,"featured_media":34191,"comment_status":"open","ping_status":"closed","sticky":false,"template":"","format":"standard","meta":{"footnotes":""},"categories":[13],"tags":[],"acf":[],"_links":{"self":[{"href":"https:\/\/zamanturkmenistan.com.tm\/index.php?rest_route=\/wp\/v2\/posts\/34190"}],"collection":[{"href":"https:\/\/zamanturkmenistan.com.tm\/index.php?rest_route=\/wp\/v2\/posts"}],"about":[{"href":"https:\/\/zamanturkmenistan.com.tm\/index.php?rest_route=\/wp\/v2\/types\/post"}],"author":[{"embeddable":true,"href":"https:\/\/zamanturkmenistan.com.tm\/index.php?rest_route=\/wp\/v2\/users\/2"}],"replies":[{"embeddable":true,"href":"https:\/\/zamanturkmenistan.com.tm\/index.php?rest_route=%2Fwp%2Fv2%2Fcomments&post=34190"}],"version-history":[{"count":0,"href":"https:\/\/zamanturkmenistan.com.tm\/index.php?rest_route=\/wp\/v2\/posts\/34190\/revisions"}],"wp:featuredmedia":[{"embeddable":true,"href":"https:\/\/zamanturkmenistan.com.tm\/index.php?rest_route=\/wp\/v2\/media\/34191"}],"wp:attachment":[{"href":"https:\/\/zamanturkmenistan.com.tm\/index.php?rest_route=%2Fwp%2Fv2%2Fmedia&parent=34190"}],"wp:term":[{"taxonomy":"category","embeddable":true,"href":"https:\/\/zamanturkmenistan.com.tm\/index.php?rest_route=%2Fwp%2Fv2%2Fcategories&post=34190"},{"taxonomy":"post_tag","embeddable":true,"href":"https:\/\/zamanturkmenistan.com.tm\/index.php?rest_route=%2Fwp%2Fv2%2Ftags&post=34190"}],"curies":[{"name":"wp","href":"https:\/\/api.w.org\/{rel}","templated":true}]}}