{"id":34346,"date":"2020-10-03T09:53:28","date_gmt":"2020-10-03T04:53:28","guid":{"rendered":"https:\/\/zamanturkmenistan.com.tm\/?p=34346"},"modified":"2020-10-03T10:00:19","modified_gmt":"2020-10-03T05:00:19","slug":"demokratik-yorelgelerin-dabaralanmasy","status":"publish","type":"post","link":"https:\/\/zamanturkmenistan.com.tm\/?p=34346","title":{"rendered":"Demokratik \u00fd\u00f6relgeleri\u0148 dabaralanmasy"},"content":{"rendered":"\n<p>1-nji okt\u00fdabrda Da\u015fary\ni\u015fler ministrliginde ge\u00e7irilen metbugat maslahaty Halk Maslahatyny\u0148 25-nji\nsent\u00fdabrda hormatly Prezidentimizi\u0148 ba\u015flyklyk etmeginde ge\u00e7irilen mejlisinde kabul\nedilen taryhy \u00e7\u00f6zg\u00fctlere bagy\u015flandy.<\/p>\n\n\n\n<p>Du\u015fu\u015fyga da\u015fary\nsy\u00fdasat edarasyny\u0148, d\u00fcrli ministrlikleri\u0148 hem-de pudakla\u00fdyn dolandyry\u015f\nedaralaryny\u0148, D\u00f6wlet, hukuk we demokrati\u00fda institutyny\u0148 \u00fdolba\u015f\u00e7ylary,\n\u00fdurdumyzda i\u015fle\u00fd\u00e4n diplomatik wekilhanalary\u0148 hem-de halkara guramalary\u0148\nwekilleri, \u00fdokary okuw mekdeplerini\u0148 rektorlary, \u00fderli we da\u015fary \u00fdurtlary\u0148\nk\u00f6p\u00e7\u00fclikle\u00fdin habar beri\u015f seri\u015fdelerini\u0148 k\u00f6psanly wekilleri gatna\u015fdylar.<\/p>\n\n\n\n<p>Halk\nMaslahatyny\u0148 nobatdaky mejlisi \u00f6s\u00fc\u015fi\u0148 we demokratik \u00f6zgertmeleri\u0148 \u00fdoly bilen\nynamly \u00f6\u0148e bar\u00fdan Gara\u015fsyz T\u00fcrkmenistany\u0148 i\u0148 t\u00e4ze taryhyna altyn harplar bilen\n\u00fdazylar. Forumy\u0148 netijeleri d\u00f6wleti\u0148 we jemgy\u00fdeti\u0148 i\u00e7erki \u00f6s\u00fc\u015fi\nnukda\u00fdnazaryndan hem-de \u00fdurdumyzy\u0148 halkara gatna\u015fyklary babatdaky i\u015fi bilen\nbaglylykda hem \u00e4girt uly \u00e4hmi\u00fdete e\u00fdedir.<\/p>\n\n\n\n<p>Munu\u0148 \u00f6zi milli\nLiderimizi\u0148 i\u00e7eri we da\u015fary sy\u00fdasatyny\u0148 dowamatlylygyny\u0148 hem-de \u00f6zara\nbaglany\u015fygyny\u0148, sy\u00fdasy ulgamy k\u00e4mille\u015fdirm\u00e4ge, demokratik kadalary we tejrib\u00e4ni\nberkarar etm\u00e4ge \u00e7aly\u015f\u00fdandygyny\u0148 nobatdaky a\u00fddy\u0148 subutnamasyna \u00f6wr\u00fcldi.<\/p>\n\n\n\n<p>\u00c7yky\u015flarda\nwekil\u00e7ilikli forumy\u0148 \u00fdurdumyzda parlamentarizmi\u0148 taryhynda t\u00e4ze tapgyry\u0148\nbolandygy nygtaldy. Forumda iki palataly parlamenti d\u00f6retmek hakyndaky \u00e7\u00f6zg\u00fct\nkabul edildi.<\/p>\n\n\n\n<p>M\u00e4lim bol\u015fy\n\u00fdaly, milli hukuk ulgamyny k\u00e4mille\u015fdirmek hem-de \u00fdurdumyzy\u0148 Esasy\nKanunyny\u2014Konstitusi\u00fdasyny t\u00e4zelemek bo\u00fdun\u00e7a i\u015fler bir \u00fdyl mundan ozal d\u00f6wlet\nBa\u015ftutanymyzy\u0148 ba\u015flangyjy bo\u00fdun\u00e7a badalga aldy.<\/p>\n\n\n\n<p>2019-njy \u00fdyly\u0148\nsent\u00fdabr a\u00fdynda hormatly Prezidentimizi\u0148 ba\u015flyklygynda Konstitusion topar d\u00f6redildi, degi\u015fli\nKonstitusion kanuny\u0148 taslamasyny ta\u00fd\u00fdarlamak bo\u00fdun\u00e7a kanun \u00e7ykaryjylyk i\u015fini\u0148\nileri tutul\u00fdan ugurlary kesgitlenildi.<\/p>\n\n\n\n<p>Ta\u00fd\u00fdarlyk\nd\u00f6wr\u00fcni\u0148 dowamynda \u00f6r\u00e4n k\u00f6psanly teklipler gelip gowu\u015fdy. Topary\u0148 mejlislerinde\n\u015fol tekliplere garaldy we umumyla\u015fdyryldy.<\/p>\n\n\n\n<p>\u015ee\u00fdlelikde, Halk\nMaslahatyny\u0148 g\u00fcn tertibine girizilen meseleleri ara alyp maslahatla\u015fmak\nturuwba\u015fdan \u00e4hlihalk h\u00e4si\u00fdetine e\u00fde bolup, \u00fdokary sy\u00fdasy-hukuk medeni\u00fdetini,\nhalk h\u00e4kimi\u00fdetliligini\u0148 we ra\u00fdatlary\u0148 m\u00f6h\u00fcm d\u00f6wlet \u00e7\u00f6zg\u00fctlerini kabul etm\u00e4ge\ng\u00f6n\u00fcden-g\u00f6ni gatna\u015fmagyny\u0148 gadymdan gel\u00fd\u00e4n d\u00e4plerini alamatlandyrdy. \u015eol\n\u00e7\u00f6zg\u00fctler bolsa \u00fdurdumyzy\u0148 mundan be\u00fdl\u00e4k-de okgunly \u00f6smegini we halkymyzy\u0148\nabadan\u00e7ylygyny \u00fcpj\u00fcn etmelidir.<\/p>\n\n\n\n<p>Du\u015fu\u015fyga\ngatna\u015fyjylar Konstitusi\u00fdany t\u00e4zelemegi\u0148 wajypdygyna \u00fcnsi \u00e7ekdiler. Munu\u0148 esasy\nmanysy h\u00e4zirki d\u00f6w\u00fcrde hem-de uzak m\u00f6hletli geljekde t\u00fcrkmen milli\nd\u00f6wletliligini \u00f6sd\u00fcrmek \u00fc\u00e7in zerur bolan t\u00e4ze konstitusion-hukuk esaslaryny\nkemala getirmekden ybaratdyr.<\/p>\n\n\n\n<p>Hormatly\nPrezidentimizi\u0148 umumymilli forumy\u0148 mejlisinde gol \u00e7eken \u201cT\u00fcrkmenistany\u0148\nKonstitusi\u00fdasyna \u00fc\u00fdtgetmeler we go\u015fma\u00e7alar girizmek hakyndaky\u201d Konstitusion\nkanuna la\u00fdyklykda, \u00fdurdumyzda kanun \u00e7ykaryjylyk h\u00e4kimi\u00fdetini amala a\u015fyr\u00fdan t\u00e4ze\nwekil\u00e7ilikli edara \u2013 Milli Ge\u0148e\u015f d\u00f6redildi. Ol iki palatadan\u2014Halk Maslahatyndan\nhem-de Mejlisden ybaratdyr.<\/p>\n\n\n\n<p>D\u00f6redilen iki\npalataly parlamenti\u0148 jemgy\u00fdet\u00e7ilik ylala\u015fygyny\u0148 hem-de bitew\u00fcligini\u0148 pikirini\nbe\u00fdan etmelidigi, ilaty\u0148 d\u00fcrli gatlaklaryny\u0148 gara\u00fdy\u015flaryna we b\u00e4hbitlerine\nwekil\u00e7ilik etmelidigi hem-de goramalydygy, kanun \u00e7ykaryjy edarada esasy\njemgy\u00fdet\u00e7ilik-sy\u00fdasy d\u00fcz\u00fcmleri\u0148 we birle\u015fikleri\u0148 wekil\u00e7iligini kepillendirmelidigi\nnygtaldy.<\/p>\n\n\n\n<p>Maslahata\ngatna\u015fyjylar Milli parlamenti\u0148 hil ta\u00fddan t\u00e4ze iki palataly d\u00fcz\u00fcmini\u0148\nd\u00f6redilmegini\u0148 Gara\u015fsyz T\u00fcrkmenistany\u0148 sy\u00fdasy \u00f6s\u00fc\u015fini\u0148 hukuk esasyny\npugtalandyrmak, d\u00f6wlet h\u00e4kimi\u00fdetini\u0148 edaralaryny\u0148 i\u015fini\u0148 netijeliligini\n\u00fdokarlandyrmak hem-de ra\u00fdat jemgy\u00fdetini mundan be\u00fdl\u00e4k-de berkitmek \u00fc\u00e7in amatly\n\u015fertleri d\u00f6retjekdigine ynam bildirdiler.<\/p>\n\n\n\n<p>Metbugat\nMaslahatyna gatna\u015fyjylary\u0148 pikirine g\u00f6r\u00e4, halkara tejribesini hem-de milli\nLiderimizi\u0148 ba\u015ftutanlygynda jemgy\u00fdetde gazanylan \u00fcst\u00fcnlikleri nazara almak bilen\namala a\u015fyryl\u00fdan we umumymilli forumda kabul edilen konstitusion \u00f6zgertmeler\n\u00fdurdumyzda demokratik \u00fd\u00f6relgeleri\u0148 dabaralanmasyna \u00f6wr\u00fcldi.<\/p>\n","protected":false},"excerpt":{"rendered":"<p>1-nji okt\u00fdabrda Da\u015fary i\u015fler ministrliginde ge\u00e7irilen metbugat maslahaty Halk Maslahatyny\u0148 25-nji sent\u00fdabrda hormatly Prezidentimizi\u0148 ba\u015flyklyk etmeginde ge\u00e7irilen mejlisinde kabul edilen taryhy \u00e7\u00f6zg\u00fctlere bagy\u015flandy. Du\u015fu\u015fyga da\u015fary sy\u00fdasat edarasyny\u0148, d\u00fcrli ministrlikleri\u0148 hem-de pudakla\u00fdyn dolandyry\u015f edaralaryny\u0148, D\u00f6wlet, hukuk we demokrati\u00fda institutyny\u0148 \u00fdolba\u015f\u00e7ylary, \u00fdurdumyzda i\u015fle\u00fd\u00e4n diplomatik wekilhanalary\u0148 hem-de halkara guramalary\u0148 wekilleri, \u00fdokary okuw mekdeplerini\u0148 rektorlary, \u00fderli we da\u015fary \u00fdurtlary\u0148 [&hellip;]<\/p>\n","protected":false},"author":2,"featured_media":34347,"comment_status":"open","ping_status":"closed","sticky":false,"template":"","format":"standard","meta":{"footnotes":""},"categories":[3],"tags":[],"acf":[],"_links":{"self":[{"href":"https:\/\/zamanturkmenistan.com.tm\/index.php?rest_route=\/wp\/v2\/posts\/34346"}],"collection":[{"href":"https:\/\/zamanturkmenistan.com.tm\/index.php?rest_route=\/wp\/v2\/posts"}],"about":[{"href":"https:\/\/zamanturkmenistan.com.tm\/index.php?rest_route=\/wp\/v2\/types\/post"}],"author":[{"embeddable":true,"href":"https:\/\/zamanturkmenistan.com.tm\/index.php?rest_route=\/wp\/v2\/users\/2"}],"replies":[{"embeddable":true,"href":"https:\/\/zamanturkmenistan.com.tm\/index.php?rest_route=%2Fwp%2Fv2%2Fcomments&post=34346"}],"version-history":[{"count":0,"href":"https:\/\/zamanturkmenistan.com.tm\/index.php?rest_route=\/wp\/v2\/posts\/34346\/revisions"}],"wp:featuredmedia":[{"embeddable":true,"href":"https:\/\/zamanturkmenistan.com.tm\/index.php?rest_route=\/wp\/v2\/media\/34347"}],"wp:attachment":[{"href":"https:\/\/zamanturkmenistan.com.tm\/index.php?rest_route=%2Fwp%2Fv2%2Fmedia&parent=34346"}],"wp:term":[{"taxonomy":"category","embeddable":true,"href":"https:\/\/zamanturkmenistan.com.tm\/index.php?rest_route=%2Fwp%2Fv2%2Fcategories&post=34346"},{"taxonomy":"post_tag","embeddable":true,"href":"https:\/\/zamanturkmenistan.com.tm\/index.php?rest_route=%2Fwp%2Fv2%2Ftags&post=34346"}],"curies":[{"name":"wp","href":"https:\/\/api.w.org\/{rel}","templated":true}]}}