{"id":34391,"date":"2020-10-03T09:15:42","date_gmt":"2020-10-03T04:15:42","guid":{"rendered":"https:\/\/zamanturkmenistan.com.tm\/?p=34391"},"modified":"2020-10-03T09:15:44","modified_gmt":"2020-10-03T04:15:44","slug":"bae-aya-baryar","status":"publish","type":"post","link":"https:\/\/zamanturkmenistan.com.tm\/?p=34391","title":{"rendered":"BAE A\u00fda bar\u00ad\u00fdar"},"content":{"rendered":"<p>Bir\u00adle\u00ad\u015fen Arap Emir\u00adlik\u00adle\u00adri (BAE) A\u00fdy \u00f6w\u00adren\u00admek bo\u00ad\u00fdun\u00ad\u00e7a mak\u00adsat\u00adna\u00adma\u00adny \u00fdo\u00adla go\u00fd\u00addy. \u015eo\u00adnu\u0148 ne\u00adti\u00adje\u00adsin\u00adde, 2024-nji \u00fdyl\u00adda \u00dde\u00adri\u0148 eme\u00adli hem\u00adra\u00adsyn\u00adda 4 ti\u00adgir\u00adli lu\u00adno\u00adhod en\u00adja\u00admy\u00adny otur\u00addyp, A\u00fdda yl\u00admy-bar\u00adlag i\u015f\u00adle\u00adri\u00adni ge\u00ad\u00e7ir\u00adme\u00adgi mak\u00adsat edin\u00ad\u00fd\u00e4r. BAE bu mak\u00adsat\u00adna\u00adma\u00adsyn\u00adda \u00fcs\u00adt\u00fcn\u00adlik ga\u00adza\u00adnan ha\u00adla\u00adtyn\u00adda d\u00fcn\u00ad\u00fd\u00e4\u00adde bu ugur\u00adda i\u015f alyp bar\u00ad\u00fdan esa\u00adsy 4 \u00fdur\u00addu\u0148 bi\u00adri bo\u00adlar. Bu ba\u00adra\u00adda \u00fdur\u00addu\u0148 Prem\u00ad\u00fder-mi\u00adnist\u00adri Mo\u00adham\u00admed bin Ra\u00ad\u015fid Al Mak\u00adtum bel\u00adl\u00e4p ge\u00e7\u00addi.<br \/>\nH\u00e4\u00adzir\u00adki wagt\u00adda Bir\u00adle\u00ad\u015fen Arap Emir\u00adlik\u00adle\u00adri\u00adni\u0148 Mu\u00adham\u00admet bin Ra\u00ad\u015fid adyn\u00adda\u00adky kos\u00admos mer\u00adke\u00adzi\u00adni\u0148 \u00fdol\u00adba\u015f\u00ad\u00e7y\u00adly\u00adgyn\u00adda\u00adky kos\u00admos mak\u00adsat\u00adna\u00adma\u00adsy i\u015f\u00adje\u0148 \u00f6s\u00add\u00fc\u00adril\u00ad\u00fd\u00e4r. 2009-njy \u00fdyl\u00adda il\u00adkin\u00adji \u00abDu\u00adbai\u00adSat-1\u00bb eme\u00adli hem\u00adrasy kos\u00admo\u00adsa u\u00e7u\u00adryl\u00addy, 2013-nji \u00fdyl\u00adda bolsa, \u015fu\u00ad\u0148a me\u0148\u00adze\u015f ikin\u00adji en\u00adjam u\u00e7u\u00adryl\u00addy. BAE-ni\u0148 il\u00adkin\u00adji kos\u00admo\u00adnaw\u00adty 2018-nji \u00fdyl\u00adda \u00abSo\u00ad\u00fduz MS-15\u00bb kos\u00admos g\u00e4\u00admi\u00adsi bi\u00adlen Hal\u00adka\u00adra Kos\u00admos Be\u00adke\u00addi\u00adne ba\u00adryp, \u015fol \u00fder\u00adde bir hep\u00adde gal\u00addy.<br \/>\n2019-njy \u00fdyl\u00adda BAE-ni\u0148 h\u00f6\u00adk\u00fc\u00adme\u00adti 2030-njy \u00fdy\u00adla \u00e7en\u00adli kos\u00admos mak\u00adsat\u00adna\u00adma\u00adsy\u00adny \u00f6s\u00add\u00fcr\u00admek ba\u00adra\u00adda\u00adky me\u00ad\u00fdil\u00adna\u00adma\u00adsy\u00adny tas\u00adsyk\u00adla\u00addy. \u015eol mak\u00adsat\u00adna\u00adma\u00addan ge\u00adlip \u00e7yk\u00ad\u00fdan we\u00adzi\u00adpe\u00adle\u00adri \u00fde\u00adri\u00adne \u00fde\u00adtir\u00admek mak\u00adsa\u00addy bi\u00adlen 2020-nji \u00fdy\u00adly\u0148 i\u00fdul a\u00fdyn\u00adda Mars pla\u00adne\u00adta\u00adsy\u00adny\u0148 at\u00admos\u00adfe\u00adra\u00adsy\u00adny \u00f6w\u00adren\u00adjek Mar\u00adsa \u00abUmyt\u00bb at\u00adly kos\u00admos zon\u00addu\u00adny u\u00e7ur\u00addy. Mun\u00addan ba\u015f\u00adga-da, Hal\u00adka\u00adra kos\u00admos be\u00adke\u00addin\u00adde uzak wagt\u00adlap gal\u00adjak kos\u00admo\u00adnawt\u00adlar ta\u00fd\u00ad\u00fdar\u00adlan\u00ad\u00fdar.<br \/>\nBAE-ni\u0148 A\u00fda iber\u00adjek kos\u00admos en\u00adja\u00admyny\u0148 agramy 10 ki\u00adlo\u00adgram bo\u00adlup, G\u00fcn pa\u00adne\u00adli bi\u00adlen en\u00adjam\u00adla\u015f\u00addy\u00adry\u00adlan\u00addyr. Lu\u00adno\u00adhod Du\u00adba\u00ad\u00fdy\u0148 bi\u00adrin\u00adji Emi\u00adri Ra\u00ad\u015fid II-ni\u0148 hor\u00adma\u00adty\u00adna \u00abRa\u00ad\u015fid\u00bb ady\u00adny g\u00f6\u00adte\u00adrer.<\/p>\n<p>Je\u00admal AMI\u00adNO\u00adWA,<br \/>\nS. A. Ny\u00ad\u00fda\u00adzow adyn\u00adda\u00adky T\u00fcrk\u00admen oba<br \/>\nho\u00adja\u00adlyk uni\u00adwer\u00adsi\u00adte\u00adti\u00adni\u0148 ta\u00adly\u00adby.<\/p>\n","protected":false},"excerpt":{"rendered":"<p>Bir\u00adle\u00ad\u015fen Arap Emir\u00adlik\u00adle\u00adri (BAE) A\u00fdy \u00f6w\u00adren\u00admek bo\u00ad\u00fdun\u00ad\u00e7a mak\u00adsat\u00adna\u00adma\u00adny \u00fdo\u00adla go\u00fd\u00addy. \u015eo\u00adnu\u0148 ne\u00adti\u00adje\u00adsin\u00adde, 2024-nji \u00fdyl\u00adda \u00dde\u00adri\u0148 eme\u00adli hem\u00adra\u00adsyn\u00adda 4 ti\u00adgir\u00adli lu\u00adno\u00adhod en\u00adja\u00admy\u00adny otur\u00addyp, A\u00fdda yl\u00admy-bar\u00adlag i\u015f\u00adle\u00adri\u00adni ge\u00ad\u00e7ir\u00adme\u00adgi mak\u00adsat edin\u00ad\u00fd\u00e4r. BAE bu mak\u00adsat\u00adna\u00adma\u00adsyn\u00adda \u00fcs\u00adt\u00fcn\u00adlik ga\u00adza\u00adnan ha\u00adla\u00adtyn\u00adda d\u00fcn\u00ad\u00fd\u00e4\u00adde bu ugur\u00adda i\u015f alyp bar\u00ad\u00fdan esa\u00adsy 4 \u00fdur\u00addu\u0148 bi\u00adri bo\u00adlar. Bu ba\u00adra\u00adda \u00fdur\u00addu\u0148 Prem\u00ad\u00fder-mi\u00adnist\u00adri Mo\u00adham\u00admed bin Ra\u00ad\u015fid Al Mak\u00adtum bel\u00adl\u00e4p [&hellip;]<\/p>\n","protected":false},"author":1,"featured_media":34394,"comment_status":"open","ping_status":"closed","sticky":false,"template":"","format":"standard","meta":{"footnotes":""},"categories":[3],"tags":[],"acf":[],"_links":{"self":[{"href":"https:\/\/zamanturkmenistan.com.tm\/index.php?rest_route=\/wp\/v2\/posts\/34391"}],"collection":[{"href":"https:\/\/zamanturkmenistan.com.tm\/index.php?rest_route=\/wp\/v2\/posts"}],"about":[{"href":"https:\/\/zamanturkmenistan.com.tm\/index.php?rest_route=\/wp\/v2\/types\/post"}],"author":[{"embeddable":true,"href":"https:\/\/zamanturkmenistan.com.tm\/index.php?rest_route=\/wp\/v2\/users\/1"}],"replies":[{"embeddable":true,"href":"https:\/\/zamanturkmenistan.com.tm\/index.php?rest_route=%2Fwp%2Fv2%2Fcomments&post=34391"}],"version-history":[{"count":0,"href":"https:\/\/zamanturkmenistan.com.tm\/index.php?rest_route=\/wp\/v2\/posts\/34391\/revisions"}],"wp:featuredmedia":[{"embeddable":true,"href":"https:\/\/zamanturkmenistan.com.tm\/index.php?rest_route=\/wp\/v2\/media\/34394"}],"wp:attachment":[{"href":"https:\/\/zamanturkmenistan.com.tm\/index.php?rest_route=%2Fwp%2Fv2%2Fmedia&parent=34391"}],"wp:term":[{"taxonomy":"category","embeddable":true,"href":"https:\/\/zamanturkmenistan.com.tm\/index.php?rest_route=%2Fwp%2Fv2%2Fcategories&post=34391"},{"taxonomy":"post_tag","embeddable":true,"href":"https:\/\/zamanturkmenistan.com.tm\/index.php?rest_route=%2Fwp%2Fv2%2Ftags&post=34391"}],"curies":[{"name":"wp","href":"https:\/\/api.w.org\/{rel}","templated":true}]}}