{"id":34412,"date":"2020-10-03T09:28:55","date_gmt":"2020-10-03T04:28:55","guid":{"rendered":"https:\/\/zamanturkmenistan.com.tm\/?p=34412"},"modified":"2020-10-03T09:28:58","modified_gmt":"2020-10-03T04:28:58","slug":"emi-barretti-hodurledi","status":"publish","type":"post","link":"https:\/\/zamanturkmenistan.com.tm\/?p=34412","title":{"rendered":"Emi Bar\u00adret\u00adti h\u00f6\u00add\u00fcr\u00adle\u00addi"},"content":{"rendered":"<p>AB\u015e-ny\u0148 Pre\u00adzi\u00adden\u00adti Do\u00adnald Tramp, \u00fdur\u00addu\u0148 \u00ddo\u00adka\u00adry ka\u00adzy\u00ad\u00fde\u00adti\u00adni\u0148 ka\u00adzy\u00adsy we\u00adzi\u00adpe\u00adsi\u00adne Emi Ko\u00adni Bar\u00adret\u00adti\u0148 da\u00adla\u015f\u00adg\u00e4r\u00adli\u00adgi\u00adni res\u00admi ta\u00fd\u00addan tas\u00adsyk\u00adla\u00addy. Sy\u00ad\u00fda\u00adsy \u00e7\u00e4\u00adre Ak tam\u00adda ge\u00ad\u00e7i\u00adril\u00addi. Bar\u00adrett \u00fdurt\u00adda kon\u00adser\u00adwa\u00adtiw ga\u00adra\u00ad\u00fdy\u015f\u00adla\u00adry bi\u00adlen gi\u0148\u00adden ta\u00adnal\u00ad\u00fdar. 48 \u00fda\u015f\u00adly Bar\u00adret\u00adti\u0148 \u00fde\u00addi \u00e7a\u00adga\u00adsy bar. Eger-de onu\u0148 da\u00adla\u015f\u00adg\u00e4r\u00adli\u00adgi tas\u00adsyk\u00adlan\u00adsa, AB\u015e-ny\u0148 \u00ddo\u00adka\u00adry ka\u00adzy\u00ad\u00fde\u00adti\u00adni\u0148 i\u0148 \u00fda\u015f al\u00adtyn\u00adjy res\u00adpub\u00adli\u00adka\u00ad\u00e7y ka\u00adzy\u00adsy bo\u00adlar. AB\u015e-ny\u0148 \u00ddo\u00adka\u00adry ka\u00adzy\u00ad\u00fde\u00adti\u00adni\u0148 ozal\u00adky ka\u00adzy\u00adsy Rut Be\u00fd\u00adder Ginz\u00adburg 18-nji sent\u00ad\u00fdabr\u00adda ara\u00addan \u00e7y\u00adkan\u00addan so\u0148, \u00ddo\u00adka\u00adry ka\u00adzy\u00ad\u00fdet\u00add\u00e4\u00adki bu we\u00adzi\u00adpe bo\u015f dur\u00addy.<\/p>\n","protected":false},"excerpt":{"rendered":"<p>AB\u015e-ny\u0148 Pre\u00adzi\u00adden\u00adti Do\u00adnald Tramp, \u00fdur\u00addu\u0148 \u00ddo\u00adka\u00adry ka\u00adzy\u00ad\u00fde\u00adti\u00adni\u0148 ka\u00adzy\u00adsy we\u00adzi\u00adpe\u00adsi\u00adne Emi Ko\u00adni Bar\u00adret\u00adti\u0148 da\u00adla\u015f\u00adg\u00e4r\u00adli\u00adgi\u00adni res\u00admi ta\u00fd\u00addan tas\u00adsyk\u00adla\u00addy. Sy\u00ad\u00fda\u00adsy \u00e7\u00e4\u00adre Ak tam\u00adda ge\u00ad\u00e7i\u00adril\u00addi. Bar\u00adrett \u00fdurt\u00adda kon\u00adser\u00adwa\u00adtiw ga\u00adra\u00ad\u00fdy\u015f\u00adla\u00adry bi\u00adlen gi\u0148\u00adden ta\u00adnal\u00ad\u00fdar. 48 \u00fda\u015f\u00adly Bar\u00adret\u00adti\u0148 \u00fde\u00addi \u00e7a\u00adga\u00adsy bar. Eger-de onu\u0148 da\u00adla\u015f\u00adg\u00e4r\u00adli\u00adgi tas\u00adsyk\u00adlan\u00adsa, AB\u015e-ny\u0148 \u00ddo\u00adka\u00adry ka\u00adzy\u00ad\u00fde\u00adti\u00adni\u0148 i\u0148 \u00fda\u015f al\u00adtyn\u00adjy res\u00adpub\u00adli\u00adka\u00ad\u00e7y ka\u00adzy\u00adsy bo\u00adlar. AB\u015e-ny\u0148 \u00ddo\u00adka\u00adry ka\u00adzy\u00ad\u00fde\u00adti\u00adni\u0148 ozal\u00adky ka\u00adzy\u00adsy Rut Be\u00fd\u00adder Ginz\u00adburg [&hellip;]<\/p>\n","protected":false},"author":1,"featured_media":34415,"comment_status":"open","ping_status":"closed","sticky":false,"template":"","format":"standard","meta":{"footnotes":""},"categories":[5],"tags":[],"acf":[],"_links":{"self":[{"href":"https:\/\/zamanturkmenistan.com.tm\/index.php?rest_route=\/wp\/v2\/posts\/34412"}],"collection":[{"href":"https:\/\/zamanturkmenistan.com.tm\/index.php?rest_route=\/wp\/v2\/posts"}],"about":[{"href":"https:\/\/zamanturkmenistan.com.tm\/index.php?rest_route=\/wp\/v2\/types\/post"}],"author":[{"embeddable":true,"href":"https:\/\/zamanturkmenistan.com.tm\/index.php?rest_route=\/wp\/v2\/users\/1"}],"replies":[{"embeddable":true,"href":"https:\/\/zamanturkmenistan.com.tm\/index.php?rest_route=%2Fwp%2Fv2%2Fcomments&post=34412"}],"version-history":[{"count":0,"href":"https:\/\/zamanturkmenistan.com.tm\/index.php?rest_route=\/wp\/v2\/posts\/34412\/revisions"}],"wp:featuredmedia":[{"embeddable":true,"href":"https:\/\/zamanturkmenistan.com.tm\/index.php?rest_route=\/wp\/v2\/media\/34415"}],"wp:attachment":[{"href":"https:\/\/zamanturkmenistan.com.tm\/index.php?rest_route=%2Fwp%2Fv2%2Fmedia&parent=34412"}],"wp:term":[{"taxonomy":"category","embeddable":true,"href":"https:\/\/zamanturkmenistan.com.tm\/index.php?rest_route=%2Fwp%2Fv2%2Fcategories&post=34412"},{"taxonomy":"post_tag","embeddable":true,"href":"https:\/\/zamanturkmenistan.com.tm\/index.php?rest_route=%2Fwp%2Fv2%2Ftags&post=34412"}],"curies":[{"name":"wp","href":"https:\/\/api.w.org\/{rel}","templated":true}]}}