{"id":34479,"date":"2020-10-05T13:20:43","date_gmt":"2020-10-05T08:20:43","guid":{"rendered":"https:\/\/zamanturkmenistan.com.tm\/?p=34479"},"modified":"2020-10-05T13:20:47","modified_gmt":"2020-10-05T08:20:47","slug":"jeyms-bondun-taze-filminin-gorkeziljek-wagty-2-nji-gezek-suysurildi","status":"publish","type":"post","link":"https:\/\/zamanturkmenistan.com.tm\/?p=34479","title":{"rendered":"Je\u00fdms Bondu\u0148 t\u00e4ze filmini\u0148 g\u00f6rkeziljek wagty 2-nji gezek s\u00fc\u00fd\u015f\u00fcrildi"},"content":{"rendered":"\n<p>Kino sungatyny\u0148 me\u015fhur jansyzy Je\u00fdms Bondu\u0148 t\u00e4ze ba\u015fdange\u00e7irmelerini\u0148\nfilmini\u0148 wagty 2-nji gezek so\u0148a s\u00fc\u00fd\u015f\u00fcrildi. Filmi aslynda \u015fu \u00fdyly\u0148 3-nji aprelinde prokatlara \u00fda\u00fdratmak g\u00f6z \u00f6\u0148\u00fcnde tutul\u00fdardy. \u00dd\u00f6ne d\u00fcn\u00fd\u00e4de emele gelen pandemi\u00fda seb\u00e4pli filmi\u0148\ng\u00f6rkezilmeli wagty 13-nji no\u00fdabra ge\u00e7irilipdi.\n\u00dd\u00f6ne \u00e7yl\u015fyrymly \u00fdagda\u00fdy\u0148 dowam etmegi ekran eserini\u0148 prod\u00fduserlerini filmi\u0148\nwagtyny\u0148 \u00fdene bir \u00fdola s\u00fc\u00fd\u015f\u00fcrm\u00e4ge mejbur etdi. Aslynda MGM ve \u201cEon Productions\u201d filmi\u0148 13-nji no\u00fdabrda g\u00f6rkeziljekdigini mahabatlandyr\u00fdan birn\u00e4\u00e7e\nreklamalar hem etdi. \u00dd\u00f6ne 28-nji awgustda prokata \u00e7ykan \u201cTenet\u201d filmini\u0148 gara\u015fyly\u015fyndan\naz pul gazanmagy, kompani\u00fdalary\u0148 \u00fdolba\u015f\u00e7ylaryny filmi indiki \u00fdyla ge\u00e7irmek\nbarada karar almaga iterdi. \u015ee\u00fdlelikde, prod\u00fduserler\nussat akt\u00fdor Daniel\nKre\u00fdgi\u0148 so\u0148ky gezek Je\u00fdms Bondu\u0148 ke\u015fbinde \u00e7yky\u015f\ned\u00fd\u00e4n \u201cNo Time Do Die\u201d filmini\u0148 2021-nji \u00fdyly\u0148 2-nji aprelinde\nkinoteatrlarda g\u00f6rkeziljekdigini resmi \u00fdagda\u00fda habar berdiler. \u015eunlukda, film\ng\u00f6rkezilmeli di\u00fdlip m\u00e4lim edilen wagtyndan la\u00fdyk 1 \u00fdyl so\u0148, prokatlara \u00fda\u00fdrar. \u00dderi gelende a\u00fdtsak, d\u00fcn\u00fd\u00e4de \u00e7yl\u015fyrymly \u00fdagda\u00fd\ndowam eden halatynda filmi\u0148 \u00fdene-de s\u00fc\u00fd\u015f\u00fcrilmek m\u00fcmkin\u00e7iligi hem bar.\n\nG\u00f6rkezilmeli wagty so\u0148a s\u00fc\u00fd\u015f\u00fcrilen kinolary\u0148\n\u00fdene biri-de \u201cMarvel\u201d-i\u0148 \u00f6n\u00fcmi bolan \u201cBlack Widow\u201d filmini\u0148 g\u00f6rkeziljek wagty hem geljek \u00fdyly\u0148 \u00fdaz paslyna ge\u00e7irildi.\n\n\n\n<\/p>\n","protected":false},"excerpt":{"rendered":"<p>Kino sungatyny\u0148 me\u015fhur jansyzy Je\u00fdms Bondu\u0148 t\u00e4ze ba\u015fdange\u00e7irmelerini\u0148 filmini\u0148 wagty 2-nji gezek so\u0148a s\u00fc\u00fd\u015f\u00fcrildi. Filmi aslynda \u015fu \u00fdyly\u0148 3-nji aprelinde prokatlara \u00fda\u00fdratmak g\u00f6z \u00f6\u0148\u00fcnde tutul\u00fdardy. \u00dd\u00f6ne d\u00fcn\u00fd\u00e4de emele gelen pandemi\u00fda seb\u00e4pli filmi\u0148 g\u00f6rkezilmeli wagty 13-nji no\u00fdabra ge\u00e7irilipdi. \u00dd\u00f6ne \u00e7yl\u015fyrymly \u00fdagda\u00fdy\u0148 dowam etmegi ekran eserini\u0148 prod\u00fduserlerini filmi\u0148 wagtyny\u0148 \u00fdene bir \u00fdola s\u00fc\u00fd\u015f\u00fcrm\u00e4ge mejbur etdi. Aslynda MGM [&hellip;]<\/p>\n","protected":false},"author":2,"featured_media":34480,"comment_status":"open","ping_status":"closed","sticky":false,"template":"","format":"standard","meta":{"footnotes":""},"categories":[12],"tags":[],"acf":[],"_links":{"self":[{"href":"https:\/\/zamanturkmenistan.com.tm\/index.php?rest_route=\/wp\/v2\/posts\/34479"}],"collection":[{"href":"https:\/\/zamanturkmenistan.com.tm\/index.php?rest_route=\/wp\/v2\/posts"}],"about":[{"href":"https:\/\/zamanturkmenistan.com.tm\/index.php?rest_route=\/wp\/v2\/types\/post"}],"author":[{"embeddable":true,"href":"https:\/\/zamanturkmenistan.com.tm\/index.php?rest_route=\/wp\/v2\/users\/2"}],"replies":[{"embeddable":true,"href":"https:\/\/zamanturkmenistan.com.tm\/index.php?rest_route=%2Fwp%2Fv2%2Fcomments&post=34479"}],"version-history":[{"count":0,"href":"https:\/\/zamanturkmenistan.com.tm\/index.php?rest_route=\/wp\/v2\/posts\/34479\/revisions"}],"wp:featuredmedia":[{"embeddable":true,"href":"https:\/\/zamanturkmenistan.com.tm\/index.php?rest_route=\/wp\/v2\/media\/34480"}],"wp:attachment":[{"href":"https:\/\/zamanturkmenistan.com.tm\/index.php?rest_route=%2Fwp%2Fv2%2Fmedia&parent=34479"}],"wp:term":[{"taxonomy":"category","embeddable":true,"href":"https:\/\/zamanturkmenistan.com.tm\/index.php?rest_route=%2Fwp%2Fv2%2Fcategories&post=34479"},{"taxonomy":"post_tag","embeddable":true,"href":"https:\/\/zamanturkmenistan.com.tm\/index.php?rest_route=%2Fwp%2Fv2%2Ftags&post=34479"}],"curies":[{"name":"wp","href":"https:\/\/api.w.org\/{rel}","templated":true}]}}