{"id":34488,"date":"2020-10-05T17:14:34","date_gmt":"2020-10-05T12:14:34","guid":{"rendered":"https:\/\/zamanturkmenistan.com.tm\/?p=34488"},"modified":"2020-10-05T17:14:38","modified_gmt":"2020-10-05T12:14:38","slug":"saglygy-gorayys-ulgamynda-halkara-guramalary-bilen-hyzmatdaslyk","status":"publish","type":"post","link":"https:\/\/zamanturkmenistan.com.tm\/?p=34488","title":{"rendered":"SAGLYGY GORA\u00ddY\u015e ULGAMYNDA HALKARA GURAMALARY BILEN HYZMATDA\u015eLYK"},"content":{"rendered":"\n<p>\u015eu g\u00fcn \u2013 5-nji okt\u00fdabrda T\u00fcrkmenistany\u0148 Da\u015fary\ni\u015fler ministrliginde T\u00fcrkmenistany\u0148 saglygy gora\u00fdy\u015f ulgamynda halkara\nguramalary bilen hyzmatda\u015flyga bagy\u015flanan brifing ge\u00e7irildi.<\/p>\n\n\n\n<p>\u00c7\u00e4r\u00e4 T\u00fcrkmenistany\u0148 Da\u015fary i\u015fler, Saglygy gora\u00fdy\u015f\nwe derman senagaty ministrliklerini\u0148 \u00fdolba\u015f\u00e7ylary we wekilleri, \u015fe\u00fdle-de\n\u00fdurdumyzda i\u015fle\u00fd\u00e4n diplomatik missi\u00fdalary\u0148 we halkara guramalaryny\u0148\nwekilhanalaryny\u0148 \u00fdolba\u015f\u00e7ylary, milli we da\u015fary \u00fdurtlary\u0148 k\u00f6p\u00e7\u00fclikle\u00fdin habar\nberi\u015f seri\u015fdelerini\u0148 wekilleri gatna\u015fdylar.<\/p>\n\n\n\n<p>T\u00fcrkmenistany\u0148 Saglygy gora\u00fdy\u015f we derman senagaty\nministri N.Amannepesow, H\u00f6k\u00fcmet tarapyndan mali\u00fdele\u015fdiril\u00fd\u00e4n Milli immunizasi\u00fda\nmaksatnamasyny durmu\u015fa ge\u00e7irmegi\u0148 \u00e7\u00e4klerinde saglygy gora\u00fdy\u015f ulgamyny\u0148 \u00fdokary\ng\u00f6rkezijilerini be\u00fdan etdi. Ol \u00ab\u00fdurtda durnukly mali\u00fdele\u015fdirmegi\u0148 k\u00f6p \u00fdyllyk\ntejribesi immunizasi\u00fdany\u0148 kuwwatly ulgamyny kemala getirm\u00e4ge \u00fdardam etdi\u00bb,\ndi\u00fdip nygtady.<\/p>\n\n\n\n<p>\u00ddUNISEF-i\u0148 T\u00fcrkmenistandaky edarasyny\u0148 \u00fdolba\u015f\u00e7ysy Kristin\nWe\u00fdgand T\u00fcrkmenistan bilen saglygy gora\u00fdy\u015f, hususan-da \u00e7agalary\u0148 saglygyny\ngoramak ulgamyndaky hyzmatda\u015flyga \u00fdokary berdi. Hanym We\u00fdgand \u00abT\u00fcrkmenistan\n\u00e4hlumumy waksinasi\u00fda derejesini\u0148 saklanylmagy bo\u00fdun\u00e7a sebitde we d\u00fcn\u00fd\u00e4de\n\u00f6\u0148deligi e\u00fdele\u00fd\u00e4ndir\u00bb di\u00fdip a\u00fdtdy.&nbsp;<\/p>\n\n\n\n<p>B\u00fctind\u00fcn\u00fd\u00e4 Saglygy gora\u00fdy\u015f guramasyny\u0148 \u00ddurt bo\u00fdun\u00e7a\nedarasyny\u0148 \u00fdolba\u015f\u00e7ysy hanym Paulina Karwowska T\u00fcrkmenistany\u0148 BSGG, \u015fe\u00fdle-de\nbe\u00fdleki halkara hyzmatda\u015flary we donorlary bilen hyzmatda\u015flygyny\u0148 \u00fdokary\nnetijeliligini bell\u00e4p ge\u00e7di. &nbsp;<\/p>\n\n\n\n<p>\u00ddewropa Bilele\u015figini\u0148 T\u00fcrkmenistandaky Adatdan\nda\u015fary we Doly ygty\u00fdarly Il\u00e7isi Diego Ruiz Alonso hem Br\u00fdusseli\u0148 saglygy\ngora\u00fdy\u015f ulgamy bo\u00fdun\u00e7a hyzmatda\u015flyga a\u00fdratyn \u00e4hmi\u00fdet ber\u00fd\u00e4ndigini we global pandemi\u00fda\n\u015fertlerinde saglygy gora\u00fdy\u015f ulgamynda T\u00fcrkmenistany\u0148 \u00f6\u0148\u00fcni aly\u015f me\u00fdilnamalaryny\u0148\nwe maksatnamalaryny\u0148 durmu\u015fa ge\u00e7irilmegini golda\u00fdandygyny bell\u00e4p ge\u00e7di. &nbsp;<\/p>\n\n\n\n<p>T\u00fcrkmenistany\u0148 H\u00f6k\u00fcmeti ilaty\u0148 immunizasi\u00fdasyny\u0148 mali\u00fdele\u015fdirilmegini\n\u00e4hmi\u00fdetli derejede \u00fdokarlandyrdy. Bu ugurda T\u00fcrkmenistan BMG we onu\u0148\n\u00fd\u00f6ritele\u015fdirilen edaralary bilen uzakm\u00f6hletle\u00fdin hyzmatda\u015flygy \u00fcst\u00fcnlikli\ndurmu\u015fa ge\u00e7ir\u00fd\u00e4r. Bu ugurda \u00fdurdu\u0148 Birle\u015fen Milletler Guramasyny\u0148 \u00c7agalar\ngaznasy (\u00ddUNISEF) bilen \u00f6zara gatna\u015fyklary milli derejede Durnukly \u00d6s\u00fc\u015f\nMaksatlaryna \u00fdetmek \u00e7ar\u00e7uwasynda saglygy gora\u00fdy\u015f, durmu\u015f goraglylygy ulgamyndaky\nhereketleri\u0148 k\u00e4mille\u015fdirilmegine g\u00f6n\u00fckdirilen bilelikd\u00e4ki maksatnamalary\u0148 we\nme\u00fdilnamalary\u0148 netijeli durmu\u015fa orna\u015fdyrylmagy bilen \u015fertlendirilendir.<\/p>\n\n\n\n<p>\u00c7\u00e4r\u00e4ni\u0148 dowamynda \u201c2015-nji \u00fdyly\u0148 28-nji\nawgustyndaky gol \u00e7ekilen T\u00fcrkmenistany\u0148 H\u00f6k\u00fcmeti bilen Birle\u015fen Milletler\nGuramasyny\u0148 \u00c7agalar gaznasyny\u0148, \u00ddUNISEF-i\u0148 arasynda Satyn almak hyzmatlaryny\n\u00fcpj\u00fcn etmek babatda \u00d6zara d\u00fc\u015f\u00fcni\u015fmek hakynda \u00c4htnamany\u0148 \u00e7\u00e4klerinde 2021-2025-nji\n\u00fdyllar \u00fc\u00e7in waksinalary we immunizasi\u00fda enjamlaryny satyn almagy\u0148\nMe\u00fdilnamasyna\u201d gol \u00e7ekmek dabarasy ge\u00e7irildi.<\/p>\n","protected":false},"excerpt":{"rendered":"<p>\u015eu g\u00fcn \u2013 5-nji okt\u00fdabrda T\u00fcrkmenistany\u0148 Da\u015fary i\u015fler ministrliginde T\u00fcrkmenistany\u0148 saglygy gora\u00fdy\u015f ulgamynda halkara guramalary bilen hyzmatda\u015flyga bagy\u015flanan brifing ge\u00e7irildi. \u00c7\u00e4r\u00e4 T\u00fcrkmenistany\u0148 Da\u015fary i\u015fler, Saglygy gora\u00fdy\u015f we derman senagaty ministrliklerini\u0148 \u00fdolba\u015f\u00e7ylary we wekilleri, \u015fe\u00fdle-de \u00fdurdumyzda i\u015fle\u00fd\u00e4n diplomatik missi\u00fdalary\u0148 we halkara guramalaryny\u0148 wekilhanalaryny\u0148 \u00fdolba\u015f\u00e7ylary, milli we da\u015fary \u00fdurtlary\u0148 k\u00f6p\u00e7\u00fclikle\u00fdin habar beri\u015f seri\u015fdelerini\u0148 wekilleri gatna\u015fdylar. T\u00fcrkmenistany\u0148 Saglygy [&hellip;]<\/p>\n","protected":false},"author":2,"featured_media":34489,"comment_status":"open","ping_status":"closed","sticky":false,"template":"","format":"standard","meta":{"footnotes":""},"categories":[3],"tags":[],"acf":[],"_links":{"self":[{"href":"https:\/\/zamanturkmenistan.com.tm\/index.php?rest_route=\/wp\/v2\/posts\/34488"}],"collection":[{"href":"https:\/\/zamanturkmenistan.com.tm\/index.php?rest_route=\/wp\/v2\/posts"}],"about":[{"href":"https:\/\/zamanturkmenistan.com.tm\/index.php?rest_route=\/wp\/v2\/types\/post"}],"author":[{"embeddable":true,"href":"https:\/\/zamanturkmenistan.com.tm\/index.php?rest_route=\/wp\/v2\/users\/2"}],"replies":[{"embeddable":true,"href":"https:\/\/zamanturkmenistan.com.tm\/index.php?rest_route=%2Fwp%2Fv2%2Fcomments&post=34488"}],"version-history":[{"count":0,"href":"https:\/\/zamanturkmenistan.com.tm\/index.php?rest_route=\/wp\/v2\/posts\/34488\/revisions"}],"wp:featuredmedia":[{"embeddable":true,"href":"https:\/\/zamanturkmenistan.com.tm\/index.php?rest_route=\/wp\/v2\/media\/34489"}],"wp:attachment":[{"href":"https:\/\/zamanturkmenistan.com.tm\/index.php?rest_route=%2Fwp%2Fv2%2Fmedia&parent=34488"}],"wp:term":[{"taxonomy":"category","embeddable":true,"href":"https:\/\/zamanturkmenistan.com.tm\/index.php?rest_route=%2Fwp%2Fv2%2Fcategories&post=34488"},{"taxonomy":"post_tag","embeddable":true,"href":"https:\/\/zamanturkmenistan.com.tm\/index.php?rest_route=%2Fwp%2Fv2%2Ftags&post=34488"}],"curies":[{"name":"wp","href":"https:\/\/api.w.org\/{rel}","templated":true}]}}