{"id":34557,"date":"2020-10-09T10:58:03","date_gmt":"2020-10-09T05:58:03","guid":{"rendered":"https:\/\/zamanturkmenistan.com.tm\/?p=34557"},"modified":"2020-10-09T10:58:04","modified_gmt":"2020-10-09T05:58:04","slug":"uc-taraplayyn-dususygyn-esasy-mowzugy-parahatcylyk","status":"publish","type":"post","link":"https:\/\/zamanturkmenistan.com.tm\/?p=34557","title":{"rendered":"\u00dc\u00e7 tarapla\u00fdyn du\u015fu\u015fygy\u0148 esasy mowzugy parahat\u00e7ylyk"},"content":{"rendered":"\n<p>2020-nji \u00fdyly\u0148 8-nji okt\u00fdabrynda\nT\u00fcrkmenistan\u2013Owganystan\u2013AB\u015e formatynda T\u00fcrkmenistany\u0148 Da\u015fary i\u015fler ministri\nRa\u015fid Meredow, AB\u015e-ny\u0148 D\u00f6wlet sekretaryny\u0148 sy\u00fdasy meseleler bo\u00fdun\u00e7a orunbasary\nDewid He\u00fdl we Owganystan Yslam Respublikasyny\u0148 Da\u015fary i\u015fler ministrini\u0148\nwezipesini wagtla\u00fdyn \u00fderine \u00fdetiriji Mohammad Hanif Atmar gatna\u015fmaklarynda\nilkinji gezek wideokonferensi\u00fda du\u015fu\u015fygy ge\u00e7irildi. &nbsp;<\/p>\n\n\n\n<p>Du\u015fu\u015fygy\u0148 esasy mowzuklaryny\u0148 biri hem k\u00f6p\u00fdyllyk \u00fdaragly\n\u00e7akny\u015fyklary\u0148 bes edilmegine we sebitde parahat\u00e7ylygy\u0148 \u00fdola go\u00fdulmagyna\ng\u00f6n\u00fckdirilen owganara geple\u015fiklerini\u0148 ilerledilmegi boldy. \u015eunu\u0148 bilen\nbaglylykda, go\u0148\u015fy \u00fdurtda parahat\u00e7ylygy\u0148 we durnuklylygy\u0148 gazanylmagy babatynda\ndi\u0148e sy\u00fdasy we diplomatik gurallary\u0148 ileri tutulmagy ugrunda \u00e7yky\u015f ed\u00fd\u00e4n\nT\u00fcrkmenistany\u0148 berk nukda\u00fdnazary a\u00fdratyn bellenilip ge\u00e7ildi. <\/p>\n\n\n\n<p>Howpsuzlyk meseleleri bo\u00fdun\u00e7a T\u00fcrkmenistany\u0148 nukda\u00fdnazary\nhem be\u00fdan edildi. \u00ddurt BMG-ni\u0148 Terror\u00e7ylyga gar\u015fy Global strategi\u00fdasyny\u0148\ndurmu\u015fa ge\u00e7irilmegi ugrunda \u00e7yky\u015f ed\u00fd\u00e4ndir. 2011-nji \u00fdyly\u0148 no\u00fdabrynda\nT\u00fcrkmenistany\u0148 H\u00f6k\u00fcmeti we BMG-ni\u0148 Merkezi Azi\u00fdada \u00d6\u0148\u00fcni aly\u015f diplomati\u00fdasy\nbo\u00fdun\u00e7a Sebitle\u00fdin merkezi A\u015fgabatda \u00fdokary derejeli du\u015fu\u015fygy ge\u00e7irdiler hem-de\nonu\u0148 bar\u015fynda degi\u015fli Bilelikd\u00e4ki Me\u00fdilnama kabul edildi. Bu takyk alnan sebite\ngatna\u015fykda terror\u00e7ylyga gar\u015fy global strategi\u00fdany\u0148 orna\u015fdyrylmagyny\u0148 d\u00fcn\u00fd\u00e4d\u00e4ki\nilkinji tejribesi boldy. <\/p>\n\n\n\n<p>Taraplar zenanlary\u0148 de\u0148hukuklylygyna we olary\u0148 ykdysady\nhukuklaryny\u0148 hem-de m\u00fcmkin\u00e7iliklerini\u0148 gi\u0148eldilmegine \u00fdardam etmek bilen\nbirlikde durmu\u015f h\u00e4si\u00fdetli derwa\u00fdys meselelere-de seredip ge\u00e7diler.<\/p>\n\n\n\n<p>Du\u015fu\u015fygy\u0148 dowamynda taraplar \u015fe\u00fdle-de S\u00f6wda we ma\u00fda go\u00fdum\nbo\u00fdun\u00e7a AB\u015e-ny\u0148 hem-de Merkezi Azi\u00fda \u00fdurtlaryny\u0148 arasyndaky degi\u015fli Ylala\u015fyga\n(TIFA) la\u00fdyklykda g\u00fcmr\u00fck we be\u00fdleki amallary\u0148 netijeliligini\u0148 \u00fdokarlandyrylmagy\nbilen Owganystany\u0148, T\u00fcrkmenistany\u0148, AB\u015e-ny\u0148 we Merkezi Azi\u00fda sebitini\u0148 arasynda\ns\u00f6wda gatna\u015fyklaryny \u00f6sd\u00fcrmegi\u0148 m\u00fcmkin\u00e7iliklerine hem seredip ge\u00e7diler.<\/p>\n\n\n\n<p>Bu ugurda ulag-\u00fcsta\u015fyr we \u00fdangy\u00e7-energetika ge\u00e7elgelerini\n\u00f6sd\u00fcrmegi\u0148 \u00e4hmi\u00fdeti bellenilip ge\u00e7ildi. \u015eonu\u0148 bilen birlikde, sebitde s\u00f6wdany\u0148\ng\u00f6wr\u00fcmini\u0148 artdyrylmagy \u00fc\u00e7in Owganystany\u0148, T\u00fcrkmenistany\u0148 we AB\u015e-ny\u0148 bilelikde\ni\u015fl\u00e4p biljek be\u00fdleki ulag ge\u00e7elgelerini\u0148 kesgitlenilmegi bilen birlikde,\nLapis-Lazuli ge\u00e7elgesini\u0148 netijeli ulanylmagy bo\u00fdun\u00e7a hyzmatda\u015flyk hem ara\nalnyp maslahatla\u015fyldy.&nbsp;<\/p>\n\n\n\n<p>Geple\u015fikleri\u0148 jemleri bo\u00fdun\u00e7a taraplary\u0148 Bilelikd\u00e4ki\nbe\u00fdannamasy kabul edildi.<\/p>\n","protected":false},"excerpt":{"rendered":"<p>2020-nji \u00fdyly\u0148 8-nji okt\u00fdabrynda T\u00fcrkmenistan\u2013Owganystan\u2013AB\u015e formatynda T\u00fcrkmenistany\u0148 Da\u015fary i\u015fler ministri Ra\u015fid Meredow, AB\u015e-ny\u0148 D\u00f6wlet sekretaryny\u0148 sy\u00fdasy meseleler bo\u00fdun\u00e7a orunbasary Dewid He\u00fdl we Owganystan Yslam Respublikasyny\u0148 Da\u015fary i\u015fler ministrini\u0148 wezipesini wagtla\u00fdyn \u00fderine \u00fdetiriji Mohammad Hanif Atmar gatna\u015fmaklarynda ilkinji gezek wideokonferensi\u00fda du\u015fu\u015fygy ge\u00e7irildi. &nbsp; Du\u015fu\u015fygy\u0148 esasy mowzuklaryny\u0148 biri hem k\u00f6p\u00fdyllyk \u00fdaragly \u00e7akny\u015fyklary\u0148 bes edilmegine we sebitde parahat\u00e7ylygy\u0148 [&hellip;]<\/p>\n","protected":false},"author":2,"featured_media":34558,"comment_status":"open","ping_status":"closed","sticky":false,"template":"","format":"standard","meta":{"footnotes":""},"categories":[3],"tags":[],"acf":[],"_links":{"self":[{"href":"https:\/\/zamanturkmenistan.com.tm\/index.php?rest_route=\/wp\/v2\/posts\/34557"}],"collection":[{"href":"https:\/\/zamanturkmenistan.com.tm\/index.php?rest_route=\/wp\/v2\/posts"}],"about":[{"href":"https:\/\/zamanturkmenistan.com.tm\/index.php?rest_route=\/wp\/v2\/types\/post"}],"author":[{"embeddable":true,"href":"https:\/\/zamanturkmenistan.com.tm\/index.php?rest_route=\/wp\/v2\/users\/2"}],"replies":[{"embeddable":true,"href":"https:\/\/zamanturkmenistan.com.tm\/index.php?rest_route=%2Fwp%2Fv2%2Fcomments&post=34557"}],"version-history":[{"count":0,"href":"https:\/\/zamanturkmenistan.com.tm\/index.php?rest_route=\/wp\/v2\/posts\/34557\/revisions"}],"wp:featuredmedia":[{"embeddable":true,"href":"https:\/\/zamanturkmenistan.com.tm\/index.php?rest_route=\/wp\/v2\/media\/34558"}],"wp:attachment":[{"href":"https:\/\/zamanturkmenistan.com.tm\/index.php?rest_route=%2Fwp%2Fv2%2Fmedia&parent=34557"}],"wp:term":[{"taxonomy":"category","embeddable":true,"href":"https:\/\/zamanturkmenistan.com.tm\/index.php?rest_route=%2Fwp%2Fv2%2Fcategories&post=34557"},{"taxonomy":"post_tag","embeddable":true,"href":"https:\/\/zamanturkmenistan.com.tm\/index.php?rest_route=%2Fwp%2Fv2%2Ftags&post=34557"}],"curies":[{"name":"wp","href":"https:\/\/api.w.org\/{rel}","templated":true}]}}