{"id":3473,"date":"2016-09-19T05:03:10","date_gmt":"2016-09-19T05:03:10","guid":{"rendered":"http:\/\/zamanturkmenistan.com\/?p=3473"},"modified":"2016-09-19T05:03:10","modified_gmt":"2016-09-19T05:03:10","slug":"prezident-saylawy-dekabrda-geciriler","status":"publish","type":"post","link":"https:\/\/zamanturkmenistan.com.tm\/?p=3473","title":{"rendered":"Prezident sa\u00fdlawy dekabrda ge\u00e7iriler"},"content":{"rendered":"<p>\u00d6z\u00adbe\u00adgis\u00adtan Res\u00adpub\u00adli\u00adka\u00adsyn\u00adda pre\u00adzi\u00addent sa\u00fd\u00adla\u00adwy \u015fu \u00fdy\u00adly\u0148 4-nji de\u00adkab\u00adryn\u00adda ge\u00ad\u00e7i\u00adri\u00adler. Bu ba\u00adra\u00adda \u00fdur\u00addu\u0148 Mer\u00adke\u00adzi sa\u00fd\u00adlaw ko\u00admis\u00adsi\u00ad\u00fda\u00adsy\u00adny\u0148 ba\u015f\u00adly\u00adgy Mir\u00adza-Ulug\u00adbek Ab\u00addu\u00adsa\u00adlo\u00admow k\u00f6p\u00ad\u00e7\u00fc\u00adlik\u00adle\u00ad\u00fdin ha\u00adbar be\u00adri\u015f se\u00adri\u015f\u00adde\u00adle\u00adri\u00adne be\u00adren be\u00ad\u00fda\u00adna\u00adtyn\u00adda ha\u00adbar ber\u00addi.<br \/>\n\u015ee\u00fdle-de,\u201c\u00d6z\u00adbe\u00adgis\u00adta\u00adny\u0148 Mer\u00adke\u00adzi sa\u00fd\u00adlaw ko\u00admis\u00adsi\u00ad\u00fda\u00adsy \u00fdur\u00addu\u0148 Ba\u015f Ka\u00adnu\u00adny\u00adny\u0148 hem-de be\u00fd\u00adle\u00adki ka\u00adnun\u00ad\u00e7y\u00adlyk na\u00adma\u00adla\u00adry\u00adny\u0148 de\u00adgi\u015f\u00adli mad\u00adda\u00adla\u00adry\u00adna la\u00ad\u00fdyk\u00adlyk\u00adda, 4-nji de\u00adkabr\u00adda sa\u00fd\u00adlaw\u00adla\u00adry ge\u00ad\u00e7ir\u00admek ba\u00adra\u00adda ka\u00adrar ka\u00adbul edil\u00addi\u201d \u2013 di\u00fd\u00adlip bel\u00adle\u00adnil\u00ad\u00fd\u00e4r. Mundan ba\u015fga-da Mer\u00adke\u00adzi sa\u00fd\u00adlaw ko\u00admis\u00adsi\u00ad\u00fda\u00adsy 2016-njy \u00fdy\u00adly\u0148 9-njy sent\u00ad\u00fdab\u00adryn\u00addan ba\u015f\u00adlap, \u00fdur\u00addu\u0148 \u00e7\u00e4\u00adgin\u00adde sa\u00fd\u00adlaw kam\u00adpa\u00adni\u00ad\u00fda\u00adsy\u00adny\u0148 ba\u015f\u00adlan\u00fdan\u00addy\u00adgy\u00adny m\u00e4\u00adlim et\u00addi.<br \/>\n\u00d6z\u00adbe\u00adgis\u00adtan Res\u00adpub\u00adli\u00adka\u00adsyn\u00adda i\u0148 so\u0148\u00adky ge\u00adzek pre\u00adzi\u00addent sa\u00fd\u00adla\u00adwy 2015-nji \u00fdy\u00adly\u0148 mart a\u00fdyn\u00adda ge\u00ad\u00e7i\u00adri\u00adlip\u00addi.<\/p>\n","protected":false},"excerpt":{"rendered":"<p>\u00d6z\u00adbe\u00adgis\u00adtan Res\u00adpub\u00adli\u00adka\u00adsyn\u00adda pre\u00adzi\u00addent sa\u00fd\u00adla\u00adwy \u015fu \u00fdy\u00adly\u0148 4-nji de\u00adkab\u00adryn\u00adda ge\u00ad\u00e7i\u00adri\u00adler. Bu ba\u00adra\u00adda \u00fdur\u00addu\u0148 Mer\u00adke\u00adzi sa\u00fd\u00adlaw ko\u00admis\u00adsi\u00ad\u00fda\u00adsy\u00adny\u0148 ba\u015f\u00adly\u00adgy Mir\u00adza-Ulug\u00adbek Ab\u00addu\u00adsa\u00adlo\u00admow k\u00f6p\u00ad\u00e7\u00fc\u00adlik\u00adle\u00ad\u00fdin ha\u00adbar be\u00adri\u015f se\u00adri\u015f\u00adde\u00adle\u00adri\u00adne be\u00adren be\u00ad\u00fda\u00adna\u00adtyn\u00adda ha\u00adbar ber\u00addi. \u015ee\u00fdle-de,\u201c\u00d6z\u00adbe\u00adgis\u00adta\u00adny\u0148 Mer\u00adke\u00adzi sa\u00fd\u00adlaw ko\u00admis\u00adsi\u00ad\u00fda\u00adsy \u00fdur\u00addu\u0148 Ba\u015f Ka\u00adnu\u00adny\u00adny\u0148 hem-de be\u00fd\u00adle\u00adki ka\u00adnun\u00ad\u00e7y\u00adlyk na\u00adma\u00adla\u00adry\u00adny\u0148 de\u00adgi\u015f\u00adli mad\u00adda\u00adla\u00adry\u00adna la\u00ad\u00fdyk\u00adlyk\u00adda, 4-nji de\u00adkabr\u00adda sa\u00fd\u00adlaw\u00adla\u00adry ge\u00ad\u00e7ir\u00admek ba\u00adra\u00adda ka\u00adrar ka\u00adbul edil\u00addi\u201d \u2013 di\u00fd\u00adlip bel\u00adle\u00adnil\u00ad\u00fd\u00e4r. Mundan ba\u015fga-da Mer\u00adke\u00adzi sa\u00fd\u00adlaw [&hellip;]<\/p>\n","protected":false},"author":1,"featured_media":0,"comment_status":"open","ping_status":"closed","sticky":false,"template":"","format":"standard","meta":{"footnotes":""},"categories":[5],"tags":[],"acf":[],"_links":{"self":[{"href":"https:\/\/zamanturkmenistan.com.tm\/index.php?rest_route=\/wp\/v2\/posts\/3473"}],"collection":[{"href":"https:\/\/zamanturkmenistan.com.tm\/index.php?rest_route=\/wp\/v2\/posts"}],"about":[{"href":"https:\/\/zamanturkmenistan.com.tm\/index.php?rest_route=\/wp\/v2\/types\/post"}],"author":[{"embeddable":true,"href":"https:\/\/zamanturkmenistan.com.tm\/index.php?rest_route=\/wp\/v2\/users\/1"}],"replies":[{"embeddable":true,"href":"https:\/\/zamanturkmenistan.com.tm\/index.php?rest_route=%2Fwp%2Fv2%2Fcomments&post=3473"}],"version-history":[{"count":0,"href":"https:\/\/zamanturkmenistan.com.tm\/index.php?rest_route=\/wp\/v2\/posts\/3473\/revisions"}],"wp:attachment":[{"href":"https:\/\/zamanturkmenistan.com.tm\/index.php?rest_route=%2Fwp%2Fv2%2Fmedia&parent=3473"}],"wp:term":[{"taxonomy":"category","embeddable":true,"href":"https:\/\/zamanturkmenistan.com.tm\/index.php?rest_route=%2Fwp%2Fv2%2Fcategories&post=3473"},{"taxonomy":"post_tag","embeddable":true,"href":"https:\/\/zamanturkmenistan.com.tm\/index.php?rest_route=%2Fwp%2Fv2%2Ftags&post=3473"}],"curies":[{"name":"wp","href":"https:\/\/api.w.org\/{rel}","templated":true}]}}