{"id":35092,"date":"2020-10-24T11:51:07","date_gmt":"2020-10-24T06:51:07","guid":{"rendered":"https:\/\/zamanturkmenistan.com.tm\/?p=35092"},"modified":"2020-10-24T11:59:02","modified_gmt":"2020-10-24T06:59:02","slug":"disini-arassalamak-keselden-gorayar","status":"publish","type":"post","link":"https:\/\/zamanturkmenistan.com.tm\/?p=35092","title":{"rendered":"Di\u00ad\u015fi\u00ad\u0148i arassala\u00admak ke\u00adsel\u00adden go\u00adra\u00ad\u00fdar"},"content":{"rendered":"<p>Ang\u00adli\u00ad\u00fda\u00adny\u0148 Bris\u00adtol uni\u00adwer\u00adsi\u00adte\u00adti\u00adni\u0148 h\u00fc\u00adn\u00e4r\u00admen\u00adle\u00adri \u00f6\u00fd\u00adden \u00e7yk\u00admaz\u00addan ozal di\u00ad\u015fi\u00ad\u0148i \u00e7ot\u00adga\u00adla\u00adma\u00adgy\u0148 ke\u00adsel\u00adler\u00adden go\u00adra\u00ad\u00fdan\u00addy\u00adgy\u00adny anyk\u00adla\u00addy\u00adlar. \u00ddo\u00adka\u00adry okuw mek\u00adde\u00adbi\u00adni\u0148 pro\u00adfes\u00adso\u00adry Mar\u00adtin Ed\u00addi di\u015f pas\u00adta\u00adsy\u00adny\u0148 d\u00fc\u00adz\u00fc\u00admin\u00adde el aras\u00adsa\u00adla\u00fd\u00adjy an\u00adti\u00adbak\u00adte\u00adri\u00adal se\u00adri\u015f\u00adde\u00adler\u00add\u00e4\u00adki \u00fda\u00adly hi\u00admi\u00adki mad\u00adda\u00adla\u00adry\u0148 bar\u00addy\u00adgy\u00adny a\u00fd\u00addyp, di\u00ad\u015fi\u00ad\u0148i wagt\u00adly-wag\u00adtyn\u00adda \u00fduw\u00adma\u00adgy\u0148 k\u00e4\u00adbir ke\u00adsel\u00adle\u00adri\u0148 \u00fdo\u00adku\u015f\u00adma\u00adgy\u00adny\u0148 \u00f6\u0148\u00fc\u00adni al\u00ad\u00fdan\u00addy\u00adgy\u00adny bel\u00adle\u00addi. Bu ba\u00adra\u00adda \u00abThe Te\u00adleg\u00adraph\u00bb ne\u00ad\u015fi\u00adri\u00adne be\u00ad\u00fda\u00adnat be\u00adren pro\u00adfes\u00adsor di\u015f pas\u00adta\u00adsyn\u00adda\u00adky an\u00adti\u00admik\u00adro\u00adbi\u00adal t\u00e4\u00adsi\u00adri\u0148 3-5 sa\u00adgat\u00adlap do\u00adwam ed\u00ad\u00fd\u00e4n\u00addi\u00adgi\u00adni a\u00fdt\u00addy. Onu\u0148 pi\u00adki\u00adri\u00ad\u00e7e, di\u00ad\u015fi\u00ad\u0148i \u00e7ot\u00adga\u00adlap \u00fduw\u00admak agyz ar\u00adka\u00adly \u00fdo\u00adku\u015f\u00ad\u00fdan ke\u00adsel\u00adle\u00adri\u0148 \u00f6\u0148\u00fc\u00adni al\u00ad\u00fdar. Pro\u00adfes\u00adsor i\u015fe, oku\u00adwa \u00fda-da ba\u015f\u00adga bir se\u00adb\u00e4p bi\u00adlen \u00f6\u00fd\u00adden \u00e7yk\u00admaz\u00addan ozal di\u00ad\u015fi\u00ad\u0148i \u00fduw\u00adma\u00adgy mas\u00adla\u00adhat ber\u00ad\u00fd\u00e4r. \u015ee\u00fd\u00adle hem pro\u00adfes\u00adsor g\u00fc\u00adn\u00fc\u0148 do\u00adwa\u00admyn\u00adda hem di\u00ad\u015fi\u00ad\u0148i has \u00fdy\u00adgy \u00fduw\u00adma\u00adly\u00addy\u00adgy\u00adny bel\u00adle\u00addi. Pro\u00adfes\u00adsor Ed\u00addi hem\u00adme ki\u00ad\u015fi\u00adni\u0148 g\u00fcn\u00adde iki ge\u00adzek di\u00ad\u015fi\u00adni \u00e7ot\u00adga\u00adlap \u00fduw\u00adma\u00adly\u00addy\u00adgy\u00adny a\u00fdt\u00addy.<br \/>\n\u00dde\u00adri ge\u00adlen\u00adde a\u00fdt\u00adsak, mun\u00addan ozal Ko\u00adre\u00ad\u00fda Res\u00adpub\u00adli\u00adka\u00adsy\u00adny\u0148 Ko\u00adre\u00fd uni\u00adwer\u00adsi\u00adte\u00adti\u00adni\u0148 Luk\u00adman\u00ad\u00e7y\u00adlyk kol\u00adle\u00adji\u00adni\u0148 alym\u00adla\u00adry bo\u00adkur\u00adda\u00adgy\u00ad\u0148y \u00e7a\u00fd\u00adka\u00adma\u00adgy\u0148 hem wi\u00adru\u00adsy\u0148 t\u00e4\u00adsi\u00adrini azalt\u00admak\u00adda pe\u00fd\u00adda\u00adly\u00addy\u00adgy\u00adny \u00fd\u00fc\u00adze \u00e7y\u00adka\u00adryp\u00addy.<\/p>\n","protected":false},"excerpt":{"rendered":"<p>Ang\u00adli\u00ad\u00fda\u00adny\u0148 Bris\u00adtol uni\u00adwer\u00adsi\u00adte\u00adti\u00adni\u0148 h\u00fc\u00adn\u00e4r\u00admen\u00adle\u00adri \u00f6\u00fd\u00adden \u00e7yk\u00admaz\u00addan ozal di\u00ad\u015fi\u00ad\u0148i \u00e7ot\u00adga\u00adla\u00adma\u00adgy\u0148 ke\u00adsel\u00adler\u00adden go\u00adra\u00ad\u00fdan\u00addy\u00adgy\u00adny anyk\u00adla\u00addy\u00adlar. \u00ddo\u00adka\u00adry okuw mek\u00adde\u00adbi\u00adni\u0148 pro\u00adfes\u00adso\u00adry Mar\u00adtin Ed\u00addi di\u015f pas\u00adta\u00adsy\u00adny\u0148 d\u00fc\u00adz\u00fc\u00admin\u00adde el aras\u00adsa\u00adla\u00fd\u00adjy an\u00adti\u00adbak\u00adte\u00adri\u00adal se\u00adri\u015f\u00adde\u00adler\u00add\u00e4\u00adki \u00fda\u00adly hi\u00admi\u00adki mad\u00adda\u00adla\u00adry\u0148 bar\u00addy\u00adgy\u00adny a\u00fd\u00addyp, di\u00ad\u015fi\u00ad\u0148i wagt\u00adly-wag\u00adtyn\u00adda \u00fduw\u00adma\u00adgy\u0148 k\u00e4\u00adbir ke\u00adsel\u00adle\u00adri\u0148 \u00fdo\u00adku\u015f\u00adma\u00adgy\u00adny\u0148 \u00f6\u0148\u00fc\u00adni al\u00ad\u00fdan\u00addy\u00adgy\u00adny bel\u00adle\u00addi. Bu ba\u00adra\u00adda \u00abThe Te\u00adleg\u00adraph\u00bb ne\u00ad\u015fi\u00adri\u00adne be\u00ad\u00fda\u00adnat be\u00adren pro\u00adfes\u00adsor di\u015f pas\u00adta\u00adsyn\u00adda\u00adky an\u00adti\u00admik\u00adro\u00adbi\u00adal t\u00e4\u00adsi\u00adri\u0148 3-5 sa\u00adgat\u00adlap do\u00adwam ed\u00ad\u00fd\u00e4n\u00addi\u00adgi\u00adni [&hellip;]<\/p>\n","protected":false},"author":1,"featured_media":35102,"comment_status":"open","ping_status":"closed","sticky":false,"template":"","format":"standard","meta":{"footnotes":""},"categories":[3],"tags":[],"acf":[],"_links":{"self":[{"href":"https:\/\/zamanturkmenistan.com.tm\/index.php?rest_route=\/wp\/v2\/posts\/35092"}],"collection":[{"href":"https:\/\/zamanturkmenistan.com.tm\/index.php?rest_route=\/wp\/v2\/posts"}],"about":[{"href":"https:\/\/zamanturkmenistan.com.tm\/index.php?rest_route=\/wp\/v2\/types\/post"}],"author":[{"embeddable":true,"href":"https:\/\/zamanturkmenistan.com.tm\/index.php?rest_route=\/wp\/v2\/users\/1"}],"replies":[{"embeddable":true,"href":"https:\/\/zamanturkmenistan.com.tm\/index.php?rest_route=%2Fwp%2Fv2%2Fcomments&post=35092"}],"version-history":[{"count":0,"href":"https:\/\/zamanturkmenistan.com.tm\/index.php?rest_route=\/wp\/v2\/posts\/35092\/revisions"}],"wp:featuredmedia":[{"embeddable":true,"href":"https:\/\/zamanturkmenistan.com.tm\/index.php?rest_route=\/wp\/v2\/media\/35102"}],"wp:attachment":[{"href":"https:\/\/zamanturkmenistan.com.tm\/index.php?rest_route=%2Fwp%2Fv2%2Fmedia&parent=35092"}],"wp:term":[{"taxonomy":"category","embeddable":true,"href":"https:\/\/zamanturkmenistan.com.tm\/index.php?rest_route=%2Fwp%2Fv2%2Fcategories&post=35092"},{"taxonomy":"post_tag","embeddable":true,"href":"https:\/\/zamanturkmenistan.com.tm\/index.php?rest_route=%2Fwp%2Fv2%2Ftags&post=35092"}],"curies":[{"name":"wp","href":"https:\/\/api.w.org\/{rel}","templated":true}]}}