{"id":35130,"date":"2020-10-24T12:14:11","date_gmt":"2020-10-24T07:14:11","guid":{"rendered":"https:\/\/zamanturkmenistan.com.tm\/?p=35130"},"modified":"2020-10-24T12:14:13","modified_gmt":"2020-10-24T07:14:13","slug":"kazanda-turkmenistanyn-sowda-oyi-acylar","status":"publish","type":"post","link":"https:\/\/zamanturkmenistan.com.tm\/?p=35130","title":{"rendered":"Kazanda T\u00fcrkmenistany\u0148 S\u00f6wda \u00f6\u00fdi a\u00e7ylar"},"content":{"rendered":"\n<p>24-nji\nokt\u00fdabrda hormatly Prezidentimiz Gurbanguly Berdimuhamedow sanly\nwideoaragatna\u015fyk arkaly Ministrler Kabinetini\u0148 gi\u0148i\u015fle\u00fdin mejlisini ge\u00e7irdi. O\u0148a\nD\u00f6wlet howpsuzlyk ge\u0148e\u015fini\u0148 agzalary, A\u015fgabat \u015f\u00e4herini\u0148 hem-de wela\u00fdatlary\u0148\nh\u00e4kimleri \u00e7agyryldy.<\/p>\n\n\n\n<p>Gi\u0148i\u015fle\u00fdin mejlisi\u0148 g\u00fcn\ntertibine 2021-nji \u00fdyl \u00fc\u00e7in D\u00f6wlet b\u00fdujetini\u0148 hem-de ykdysady\u00fdetimizi\u0148 d\u00fcrli\npudaklaryny\u0148 \u00f6s\u00fc\u015fine g\u00f6n\u00fckdirilen resminamalary\u0148 ta\u00fd\u00fdarlanan taslamalaryna\nseredildi. Mundan ba\u015fga-da, Prezident Maksatnamasyny we be\u00fdleki ykdysady hem-de\ndurmu\u015f maksatnamalaryny \u00fderine \u00fdetirmegi\u0148 k\u00e4bir meseleleri ara alnyp\nmaslahatla\u015fyldy.<\/p>\n\n\n\n<p>Gi\u0148i\u015fle\u00fdin mejlisde Ministrler\nKabinetini\u0148 Ba\u015flygyny\u0148 orunbasary \u00c7.Gylyjow \u00e7yky\u015f edip, da\u015fary \u00fdurtlarda T\u00fcrkmenistany\u0148 s\u00f6wda \u00f6\u00fdlerini a\u00e7mak\nbo\u00fdun\u00e7a\nalnyp baryl\u00fdan\ni\u015fler hem-de \u201cT\u00fcrkmenistany\u0148 Dokma senagaty ministrligini\u0148 d\u00f6wrebap\nenjamlary satyn almagy hakyndaky\u201d Karary\u0148 taslamasy\nbarada hasabat berdi.<\/p>\n\n\n\n<p>Wise-prem\u00fder d\u00fcn\u00fd\u00e4ni\u0148 d\u00fcrli d\u00f6wletleri bilen \u00f6zara\nb\u00e4hbitli s\u00f6wda-ykdysady gatna\u015fyklary mundan be\u00fdl\u00e4k-de \u00f6sd\u00fcrmek bo\u00fdun\u00e7a degi\u015fli\ni\u015fleri\u0148 ge\u00e7iril\u00fd\u00e4ndigini a\u00fdtdy. Bellenili\u015fi \u00fdaly, \u00fdurdumyzda \u00f6nd\u00fcril\u00fd\u00e4n \u00fdokary\nhilli harytlar da\u015farky bazarlarda uly islegden pe\u00fddalan\u00fdar.<\/p>\n\n\n\n<p>Bu \u00fdagda\u00fdlary nazara alyp hem-de \u201cT\u00fcrkmenistany\u0148\nda\u015fary ykdysady i\u015fini \u00f6sd\u00fcrmegi\u0148 2020-2025-nji \u00fdyllar \u00fc\u00e7in Maksatnamasynda\u201d g\u00f6z\n\u00f6\u0148\u00fcnde tutul\u00fdan \u00e7\u00e4releri durmu\u015fa ge\u00e7irmek maksady bilen, Russi\u00fda\nFederasi\u00fdasyny\u0148 Tatarystan Respublikasyny\u0148 Kazan \u015f\u00e4herinde T\u00fcrkmenistany\u0148 S\u00f6wda\n\u00f6\u00fd\u00fcni a\u00e7mak teklip edil\u00fd\u00e4r.<\/p>\n\n\n\n<p>Hasabaty\u0148 dowamynda wise-prem\u00fder hormatly\nPrezidentimizi\u0148 dokma pudagyny d\u00f6wrebapla\u015fdyrmak, \u00fderli \u00e7ig maly rejeli\nulanmak, \u00f6nd\u00fcril\u00fd\u00e4n \u00f6n\u00fcmleri\u0148 m\u00f6\u00e7berini artdyrmak bo\u00fdun\u00e7a \u00f6\u0148de go\u00fdan\nwezipelerini \u00e7\u00f6zmek maksady bilen, Dokma senagaty ministrligini\u0148 h\u00fcn\u00e4rmenleri\ntarapyndan degi\u015fli i\u015fleri\u0148 ge\u00e7iril\u00fd\u00e4ndigini a\u00fdtdy.<\/p>\n\n\n\n<p>Hormatly Prezidentimiz hasabaty di\u0148l\u00e4p, T\u00fcrkmenistan\nbilen Tatarystan Respublikasyny\u0148 arasyndaky netijeli gatna\u015fyklary\u0148 \u00fdurdumyzy\u0148\nRussi\u00fda Federasi\u00fdasy bilen s\u00f6wda-ykdysady we medeni-ynsanperwer hyzmatda\u015flygy\nbabatda netijeli gatna\u015fyklary\u0148 a\u00fddy\u0148 mysalydygyny nygtady.<\/p>\n\n\n\n<p>T\u00fcrkmenistan we Tatarystan \u00e4girt uly senagat kuwwatyna\ne\u00fdedir. Hormatly Prezidentimiz \u00f6\u0148de k\u00f6psanly taslamalary\u0148 durandygyny belledi.\n\u015eolary\u0148 durmu\u015fa ge\u00e7irilmegi bizi\u0148 halklarymyzy\u0148 abadan\u00e7ylygyny \u00fdokarlandyrmaga\ng\u00f6n\u00fckdirilendir.<\/p>\n\n\n\n<p>Bellenili\u015fi \u00fdaly, Tatarystan \u00f6z\u00fcni\u0148 seri\u015fde \u2013 senagat\nkuwwaty hem-de iki doganlyk halky\u0148 arasyndaky taryhy gatna\u015fyklary bilen\nbaglylykda m\u00f6h\u00fcm orun e\u00fdele\u00fd\u00e4r. \u015eunu\u0148 bilen baglylykda, d\u00f6wlet Ba\u015ftutanymyz\nKazanda T\u00fcrkmenistany\u0148 S\u00f6wda \u00f6\u00fd\u00fcni a\u00e7mak baradaky teklibi goldap, wise-prem\u00fdere\ndegi\u015fli tab\u015fyryklary berdi.<\/p>\n\n\n\n<p>So\u0148ra hormatly Prezidentimiz Gurbanguly Berdimuhamedow\nmilli ykdysady\u00fdeti\u0148 senagat pudagyny\u0148 esasy ulgamlaryny\u0148 biri bolan dokma\npudagyny\u0148 \u00f6\u0148\u00fcnde \u00f6n\u00fcmleri\u0148 \u00e7ykaryly\u015fyny artdyrmak, t\u00e4ze, \u00fdokary tehnologi\u00fdaly\ntoplumlary kemala getirmek, \u00fderli \u00e7ig maly netijeli ulanmagy\u0148 esasynda\nb\u00e4sde\u015flige ukyply d\u00fcrli g\u00f6rn\u00fc\u015fli harytlary \u00f6nd\u00fcr\u00fd\u00e4n we ga\u00fdtadan i\u015fle\u00fd\u00e4n\nk\u00e4rhanalary d\u00f6retmek bo\u00fdun\u00e7a m\u00f6h\u00fcm wezipeleri\u0148 go\u00fdlandygyny belledi.<\/p>\n\n\n\n<p>D\u00f6wlet Ba\u015ftutanymyz \u00fdurdumyzy senagatla\u015fdyrmak we sanly\nulgama ge\u00e7irmek, da\u015fary \u00fdurtlardan getiril\u00fd\u00e4n harytlary\u0148 ornuny tut\u00fdan hem-de\neksport ugurly \u00f6n\u00fcmleri \u00f6nd\u00fcrmek, t\u00e4ze i\u015f orunlaryny d\u00f6retmek baradaky\nmaksatnamalary\u0148 wajypdygyny a\u00fddyp, \u00fdurdumyzda \u00f6nd\u00fcril\u00fd\u00e4n \u00f6n\u00fcmleri\u0148 hil we\nekologi\u00fda babatda \u00e4hli \u00f6l\u00e7eglere doly la\u00fdyk gelmelidigini nygtady. Munu\u0148 \u00fc\u00e7in\ndokma k\u00e4rhanalary \u00fdokary tehnologi\u00fdaly \u00f6\u0148debaryjy enjamlar bilen \u00fcpj\u00fcn\nedilmelidir di\u00fdip, milli Liderimiz belledi.<\/p>\n\n\n\n<p>Hormatly Prezidentimiz Gurbanguly Berdimuhamedow\ndegi\u015fli Karara gol \u00e7ekip, ony elektron resminama dolany\u015fygy arkaly\nwise-prem\u00fdere iberdi hem-de bellenen me\u00fdilnamalary durmu\u015fa ge\u00e7irmek \u00fc\u00e7in \u00e4hli\ntagallalary etmegi tab\u015fyrdy.<\/p>\n","protected":false},"excerpt":{"rendered":"<p>24-nji okt\u00fdabrda hormatly Prezidentimiz Gurbanguly Berdimuhamedow sanly wideoaragatna\u015fyk arkaly Ministrler Kabinetini\u0148 gi\u0148i\u015fle\u00fdin mejlisini ge\u00e7irdi. O\u0148a D\u00f6wlet howpsuzlyk ge\u0148e\u015fini\u0148 agzalary, A\u015fgabat \u015f\u00e4herini\u0148 hem-de wela\u00fdatlary\u0148 h\u00e4kimleri \u00e7agyryldy. Gi\u0148i\u015fle\u00fdin mejlisi\u0148 g\u00fcn tertibine 2021-nji \u00fdyl \u00fc\u00e7in D\u00f6wlet b\u00fdujetini\u0148 hem-de ykdysady\u00fdetimizi\u0148 d\u00fcrli pudaklaryny\u0148 \u00f6s\u00fc\u015fine g\u00f6n\u00fckdirilen resminamalary\u0148 ta\u00fd\u00fdarlanan taslamalaryna seredildi. Mundan ba\u015fga-da, Prezident Maksatnamasyny we be\u00fdleki ykdysady hem-de durmu\u015f maksatnamalaryny \u00fderine [&hellip;]<\/p>\n","protected":false},"author":2,"featured_media":35150,"comment_status":"open","ping_status":"closed","sticky":false,"template":"","format":"standard","meta":{"footnotes":""},"categories":[3],"tags":[],"acf":[],"_links":{"self":[{"href":"https:\/\/zamanturkmenistan.com.tm\/index.php?rest_route=\/wp\/v2\/posts\/35130"}],"collection":[{"href":"https:\/\/zamanturkmenistan.com.tm\/index.php?rest_route=\/wp\/v2\/posts"}],"about":[{"href":"https:\/\/zamanturkmenistan.com.tm\/index.php?rest_route=\/wp\/v2\/types\/post"}],"author":[{"embeddable":true,"href":"https:\/\/zamanturkmenistan.com.tm\/index.php?rest_route=\/wp\/v2\/users\/2"}],"replies":[{"embeddable":true,"href":"https:\/\/zamanturkmenistan.com.tm\/index.php?rest_route=%2Fwp%2Fv2%2Fcomments&post=35130"}],"version-history":[{"count":0,"href":"https:\/\/zamanturkmenistan.com.tm\/index.php?rest_route=\/wp\/v2\/posts\/35130\/revisions"}],"wp:featuredmedia":[{"embeddable":true,"href":"https:\/\/zamanturkmenistan.com.tm\/index.php?rest_route=\/wp\/v2\/media\/35150"}],"wp:attachment":[{"href":"https:\/\/zamanturkmenistan.com.tm\/index.php?rest_route=%2Fwp%2Fv2%2Fmedia&parent=35130"}],"wp:term":[{"taxonomy":"category","embeddable":true,"href":"https:\/\/zamanturkmenistan.com.tm\/index.php?rest_route=%2Fwp%2Fv2%2Fcategories&post=35130"},{"taxonomy":"post_tag","embeddable":true,"href":"https:\/\/zamanturkmenistan.com.tm\/index.php?rest_route=%2Fwp%2Fv2%2Ftags&post=35130"}],"curies":[{"name":"wp","href":"https:\/\/api.w.org\/{rel}","templated":true}]}}