{"id":35319,"date":"2020-10-31T11:38:37","date_gmt":"2020-10-31T06:38:37","guid":{"rendered":"https:\/\/zamanturkmenistan.com.tm\/?p=35319"},"modified":"2020-10-31T11:38:38","modified_gmt":"2020-10-31T06:38:38","slug":"kosmos-senagatyny-osdurer","status":"publish","type":"post","link":"https:\/\/zamanturkmenistan.com.tm\/?p=35319","title":{"rendered":"Kos\u00admos  se\u00adna\u00adga\u00adty\u00adny \u00f6s\u00add\u00fc\u00adrer"},"content":{"rendered":"<p>Hy\u00adta\u00fd gel\u00adjek b\u00e4\u015f \u00fdy\u00adly\u0148 do\u00adwa\u00admyn\u00adda s\u00f6w\u00adda mak\u00adsat\u00adly kos\u00admos se\u00adna\u00adga\u00adty\u00adny \u00f6s\u00add\u00fcr\u00adme\u00adgi mak\u00adsat edin\u00adip, 2025-nji \u00fdy\u00adla \u00e7en\u00adli \u00fdan\u00adgy\u00e7 teh\u00adno\u00adlo\u00adgi\u00ad\u00fda\u00adsy we ji\u00adsim\u00adle\u00adri\u0148 in\u00adter\u00adne\u00adti teh\u00adno\u00adlo\u00adgi\u00ad\u00fda\u00adla\u00adryn\u00adda d\u00fcn\u00ad\u00fd\u00e4\u00adni\u0148 \u00f6\u0148\u00adde\u00adba\u00adry\u00adjy \u00fdur\u00addy bol\u00adma\u00adgy me\u00ad\u00fdil\u00adle\u015f\u00addir\u00ad\u00fd\u00e4r. Bu ba\u00adra\u00adda Hy\u00adta\u00ad\u00fdy\u0148 Kos\u00admos bi\u00adlim\u00adle\u00adri we se\u00adna\u00adga\u00adty kom\u00adpa\u00adni\u00ad\u00fda\u00adsy ha\u00adbar ber\u00addi. 2021-2025-nji \u00fdyl\u00adla\u00adry \u00f6z i\u00e7i\u00adne al\u00ad\u00fdan mak\u00adsat\u00adna\u00admada g\u00f6\u00adte\u00adri\u00adji ra\u00adke\u00adta\u00adla\u00adry, eme\u00adli hem\u00adra\u00adla\u00adry \u00f6n\u00add\u00fcr\u00adme\u00adk we kos\u00admo\u00adsa ibe\u00adril\u00adme\u00adk g\u00f6z \u00f6\u0148\u00fcn\u00adde tu\u00adtul\u00ad\u00fdar. Hal\u00adka\u00adra de\u00adre\u00adje\u00adsin\u00adde ge\u00ad\u00e7i\u00adril\u00ad\u00fd\u00e4n s\u00f6w\u00adda mak\u00adsat\u00adly kos\u00admos fo\u00adru\u00admyn\u00adda m\u00e4\u00adlim edi\u00adlen mak\u00adsat\u00adna\u00adma\u00adda 2023-nji \u00fdy\u00adla \u00e7en\u00adli \u00abKuaiz\u00adhou\u00bb at\u00adly g\u00f6\u00adte\u00adri\u00adji ra\u00adke\u00adta\u00adla\u00adry\u0148 u\u00e7u\u00adry\u00adly\u00ad\u015fy iki es\u00adse art\u00addy\u00adry\u00adlar. Uhan \u015f\u00e4\u00adhe\u00adrin\u00adde ge\u00ad\u00e7i\u00adri\u00adlen hal\u00adka\u00adra mas\u00adla\u00adhat\u00adda ji\u00adsim\u00adle\u00adri\u0148 in\u00adter\u00adne\u00adti\u00adni eme\u00adle ge\u00adtir\u00admek \u00fc\u00e7in 2023-nji \u00fdy\u00adla \u00e7en\u00adli \u00fd\u00fc\u00adze go\u00adla\u00fd eme\u00adli hem\u00adra kos\u00admo\u00adsa u\u00e7u\u00adry\u00adlar. \u00abXin\u00adgy\u00adun\u00bb at\u00adly tas\u00adla\u00adma\u00adny\u0148 \u00e7\u00e4k\u00adle\u00adrin\u00adde mun\u00addan ozal iki sa\u00adny sy\u00adnag hem\u00adra\u00adsy u\u00e7u\u00adry\u00adlyp\u00addy. Tas\u00adla\u00adma\u00adny\u0148 \u00e7\u00e4k\u00adle\u00adrin\u00adde gel\u00adjek\u00adde has k\u00f6p ula\u00adnyl\u00adma\u00adgy\u00adna ga\u00adra\u00ad\u015fyl\u00ad\u00fdan mo\u00adbil en\u00adjam\u00adla\u00adry\u0148 \u00f6z ara\u00adla\u00adryn\u00adda aw\u00adto\u00admat ara\u00adgat\u00adna\u00ad\u015fy\u00adgy\u00adny \u00fdo\u00adla go\u00fd\u00adjak ji\u00adsim\u00adle\u00adri\u0148 in\u00adter\u00adne\u00adti\u00adni\u0148 ekoul\u00adga\u00admy d\u00f6\u00adre\u00addi\u00adler.<\/p>\n<p>G\u00fcl\u00adna\u00adbat An\u00adna\u00addur\u00addy\u00ad\u00fde\u00adwa,<br \/>\nT\u00fcrk\u00adme\u00adnis\u00adta\u00adny\u0148 Te\u00adle\u00adkom\u00admu\u00adni\u00adka\u00adsi\u00ad\u00fda\u00adlar we in\u00adfor\u00adma\u00adti\u00adka<br \/>\nins\u00adti\u00adtu\u00adty\u00adny\u0148 mu\u00adgal\u00adly\u00admy.<\/p>\n","protected":false},"excerpt":{"rendered":"<p>Hy\u00adta\u00fd gel\u00adjek b\u00e4\u015f \u00fdy\u00adly\u0148 do\u00adwa\u00admyn\u00adda s\u00f6w\u00adda mak\u00adsat\u00adly kos\u00admos se\u00adna\u00adga\u00adty\u00adny \u00f6s\u00add\u00fcr\u00adme\u00adgi mak\u00adsat edin\u00adip, 2025-nji \u00fdy\u00adla \u00e7en\u00adli \u00fdan\u00adgy\u00e7 teh\u00adno\u00adlo\u00adgi\u00ad\u00fda\u00adsy we ji\u00adsim\u00adle\u00adri\u0148 in\u00adter\u00adne\u00adti teh\u00adno\u00adlo\u00adgi\u00ad\u00fda\u00adla\u00adryn\u00adda d\u00fcn\u00ad\u00fd\u00e4\u00adni\u0148 \u00f6\u0148\u00adde\u00adba\u00adry\u00adjy \u00fdur\u00addy bol\u00adma\u00adgy me\u00ad\u00fdil\u00adle\u015f\u00addir\u00ad\u00fd\u00e4r. Bu ba\u00adra\u00adda Hy\u00adta\u00ad\u00fdy\u0148 Kos\u00admos bi\u00adlim\u00adle\u00adri we se\u00adna\u00adga\u00adty kom\u00adpa\u00adni\u00ad\u00fda\u00adsy ha\u00adbar ber\u00addi. 2021-2025-nji \u00fdyl\u00adla\u00adry \u00f6z i\u00e7i\u00adne al\u00ad\u00fdan mak\u00adsat\u00adna\u00admada g\u00f6\u00adte\u00adri\u00adji ra\u00adke\u00adta\u00adla\u00adry, eme\u00adli hem\u00adra\u00adla\u00adry \u00f6n\u00add\u00fcr\u00adme\u00adk we kos\u00admo\u00adsa ibe\u00adril\u00adme\u00adk g\u00f6z \u00f6\u0148\u00fcn\u00adde tu\u00adtul\u00ad\u00fdar. Hal\u00adka\u00adra de\u00adre\u00adje\u00adsin\u00adde [&hellip;]<\/p>\n","protected":false},"author":1,"featured_media":35329,"comment_status":"open","ping_status":"closed","sticky":false,"template":"","format":"standard","meta":{"footnotes":""},"categories":[3],"tags":[],"acf":[],"_links":{"self":[{"href":"https:\/\/zamanturkmenistan.com.tm\/index.php?rest_route=\/wp\/v2\/posts\/35319"}],"collection":[{"href":"https:\/\/zamanturkmenistan.com.tm\/index.php?rest_route=\/wp\/v2\/posts"}],"about":[{"href":"https:\/\/zamanturkmenistan.com.tm\/index.php?rest_route=\/wp\/v2\/types\/post"}],"author":[{"embeddable":true,"href":"https:\/\/zamanturkmenistan.com.tm\/index.php?rest_route=\/wp\/v2\/users\/1"}],"replies":[{"embeddable":true,"href":"https:\/\/zamanturkmenistan.com.tm\/index.php?rest_route=%2Fwp%2Fv2%2Fcomments&post=35319"}],"version-history":[{"count":0,"href":"https:\/\/zamanturkmenistan.com.tm\/index.php?rest_route=\/wp\/v2\/posts\/35319\/revisions"}],"wp:featuredmedia":[{"embeddable":true,"href":"https:\/\/zamanturkmenistan.com.tm\/index.php?rest_route=\/wp\/v2\/media\/35329"}],"wp:attachment":[{"href":"https:\/\/zamanturkmenistan.com.tm\/index.php?rest_route=%2Fwp%2Fv2%2Fmedia&parent=35319"}],"wp:term":[{"taxonomy":"category","embeddable":true,"href":"https:\/\/zamanturkmenistan.com.tm\/index.php?rest_route=%2Fwp%2Fv2%2Fcategories&post=35319"},{"taxonomy":"post_tag","embeddable":true,"href":"https:\/\/zamanturkmenistan.com.tm\/index.php?rest_route=%2Fwp%2Fv2%2Ftags&post=35319"}],"curies":[{"name":"wp","href":"https:\/\/api.w.org\/{rel}","templated":true}]}}