{"id":35346,"date":"2020-10-31T11:49:40","date_gmt":"2020-10-31T06:49:40","guid":{"rendered":"https:\/\/zamanturkmenistan.com.tm\/?p=35346"},"modified":"2020-10-31T11:49:42","modified_gmt":"2020-10-31T06:49:42","slug":"2-mun-yyllyk-suw-arassalayjy-desga","status":"publish","type":"post","link":"https:\/\/zamanturkmenistan.com.tm\/?p=35346","title":{"rendered":"2 m\u00fc\u0148 \u00fdyl\u00adlyk suw aras\u00adsa\u00adla\u00fd\u00adjy des\u00adga"},"content":{"rendered":"<p>Or\u00adta Ame\u00adri\u00adka\u00adda \u00fder\u00adle\u015f\u00ad\u00fd\u00e4n Gwa\u00adte\u00adma\u00adla\u00adda Ma\u00ad\u00fd\u00fda me\u00adde\u00adni\u00ad\u00fde\u00adti d\u00f6w\u00adr\u00fcn\u00adden ga\u00adlan suw aras\u00adsa\u00adla\u00fd\u00adjy des\u00adga\u00adny\u0148 \u00fcs\u00adti a\u00e7yl\u00addy. Bi\u00adler\u00admen\u00adler \u00fdur\u00addu\u0148 de\u00admir\u00adga\u00adzy\u00adgyn\u00adda\u00adky Ti\u00adkal \u015f\u00e4\u00adhe\u00adrin\u00add\u00e4\u00adki \u00abCor\u00adri\u00aden\u00adtal\u00bb at\u00adly des\u00adga\u00adny\u0148 h\u00e4\u00adzir\u00adki wagt\u00adda hem ula\u00adny\u00adlyp bi\u00adlin\u00adjek\u00addi\u00adgi\u00adni a\u00fdd\u00ad\u00fdar\u00adlar. Ame\u00adri\u00adkan alym\u00adla\u00adry\u00adny\u0148 \u00fcs\u00adt\u00fc\u00adni a\u00e7an suw aras\u00adsa\u00adla\u00fd\u00adjy ul\u00adga\u00admy h\u00e4\u00adzir\u00adki\u00adle\u00adre me\u0148\u00adze\u015f\u00adli\u00adgi bi\u00adlen ta\u00adpa\u00adwut\u00adlan\u00ad\u00fdar. Alym\u00adlar \u015fol d\u00f6\u00adw\u00fcr su\u00adwy aras\u00adsa\u00adla\u00admak \u00fc\u00e7in kwars\u00addan hem-de seo\u00adlit\u00adden \u00fda\u00adsa\u00adlan s\u00fcz\u00adg\u00fc\u00e7 ula\u00adny\u00adlan\u00addy\u00adgy\u00adny a\u00fdd\u00ad\u00fdar\u00adlar. Kwars hem-de seo\u00adlit su\u00adwu\u0148 d\u00fc\u00adz\u00fc\u00admin\u00add\u00e4\u00adki zy\u00ad\u00fdan\u00adly mik\u00adro\u00ador\u00adga\u00adnizm\u00adle\u00adri we al\u00ad\u00fdu\u00admin \u00fda\u00adly agyr me\u00adtal\u00adla\u00adry aras\u00adsa\u00adla\u00admak \u00fc\u00e7in h\u00e4\u00adzir\u00adki wagt\u00adda hem suw aras\u00adsa\u00adla\u00fd\u00adjy des\u00adga\u00adlar\u00adda ula\u00adnyl\u00ad\u00fdar.<br \/>\nAB\u015e-ny\u0148 Oga\u00ad\u00fdo \u015fta\u00adtyn\u00adda\u00adky Sin\u00adsin\u00adna\u00adti uni\u00adwer\u00adsi\u00adte\u00adti\u00adni\u0148 h\u00fc\u00adn\u00e4r\u00adme\u00adni, ant\u00adro\u00adpo\u00adlog Bar\u00adnett Tan\u00adkers\u00adli ma\u00fd\u00ad\u00fda\u00adly\u00adla\u00adry\u0148 d\u00fcn\u00ad\u00fd\u00e4\u00adni\u0148 il\u00adkin\u00adji d\u00f6w\u00adre\u00adbap suw aras\u00adsa\u00adla\u00fd\u00adjy des\u00adga\u00adsy\u00adny gu\u00adran\u00addyk\u00adla\u00adry\u00adny, \u015fe\u00fd\u00adle hem \u015fol d\u00f6\u00adw\u00fcr\u00adde \u00ddew\u00adro\u00adpa\u00adda we Me\u00adso\u00adpo\u00adta\u00admi\u00ad\u00fda\u00adda \u015fe\u00fd\u00adle des\u00adga\u00adny\u0148 bol\u00adman\u00addy\u00adgy\u00adny bel\u00adle\u00ad\u00fd\u00e4r. Pro\u00adfes\u00adsor Bni\u00ad\u00e7o\u00adlas Dum\u00adming bu \u00fder\u00adde wul\u00adka\u00adny\u0148 part\u00adla\u00adma\u00adgy ne\u00adti\u00adje\u00adsin\u00adde seo\u00adlit we kwars \u00fda\u00adly mi\u00adne\u00adral\u00adla\u00adry\u0148 \u00fd\u00fc\u00adze \u00e7y\u00adkan\u00addy\u00adgy\u00adny bel\u00adle\u00ad\u00fd\u00e4r. Ga\u00addy\u00admy ma\u00fd\u00ad\u00fda\u00adly\u00adlar ast\u00adro\u00adno\u00admi\u00ad\u00fda, ma\u00adte\u00adma\u00adti\u00adka, bi\u00adna\u00adg\u00e4r\u00adlik we sun\u00adgat \u00fda\u00adly bir\u00adn\u00e4\u00ad\u00e7e ugur\u00adda \u00f6sen me\u00adde\u00adni\u00ad\u00fde\u00adti d\u00f6\u00adre\u00addip\u00addir\u00adler.<\/p>\n","protected":false},"excerpt":{"rendered":"<p>Or\u00adta Ame\u00adri\u00adka\u00adda \u00fder\u00adle\u015f\u00ad\u00fd\u00e4n Gwa\u00adte\u00adma\u00adla\u00adda Ma\u00ad\u00fd\u00fda me\u00adde\u00adni\u00ad\u00fde\u00adti d\u00f6w\u00adr\u00fcn\u00adden ga\u00adlan suw aras\u00adsa\u00adla\u00fd\u00adjy des\u00adga\u00adny\u0148 \u00fcs\u00adti a\u00e7yl\u00addy. Bi\u00adler\u00admen\u00adler \u00fdur\u00addu\u0148 de\u00admir\u00adga\u00adzy\u00adgyn\u00adda\u00adky Ti\u00adkal \u015f\u00e4\u00adhe\u00adrin\u00add\u00e4\u00adki \u00abCor\u00adri\u00aden\u00adtal\u00bb at\u00adly des\u00adga\u00adny\u0148 h\u00e4\u00adzir\u00adki wagt\u00adda hem ula\u00adny\u00adlyp bi\u00adlin\u00adjek\u00addi\u00adgi\u00adni a\u00fdd\u00ad\u00fdar\u00adlar. Ame\u00adri\u00adkan alym\u00adla\u00adry\u00adny\u0148 \u00fcs\u00adt\u00fc\u00adni a\u00e7an suw aras\u00adsa\u00adla\u00fd\u00adjy ul\u00adga\u00admy h\u00e4\u00adzir\u00adki\u00adle\u00adre me\u0148\u00adze\u015f\u00adli\u00adgi bi\u00adlen ta\u00adpa\u00adwut\u00adlan\u00ad\u00fdar. Alym\u00adlar \u015fol d\u00f6\u00adw\u00fcr su\u00adwy aras\u00adsa\u00adla\u00admak \u00fc\u00e7in kwars\u00addan hem-de seo\u00adlit\u00adden \u00fda\u00adsa\u00adlan s\u00fcz\u00adg\u00fc\u00e7 ula\u00adny\u00adlan\u00addy\u00adgy\u00adny a\u00fdd\u00ad\u00fdar\u00adlar. Kwars hem-de seo\u00adlit su\u00adwu\u0148 [&hellip;]<\/p>\n","protected":false},"author":1,"featured_media":35348,"comment_status":"open","ping_status":"closed","sticky":false,"template":"","format":"standard","meta":{"footnotes":""},"categories":[5],"tags":[],"acf":[],"_links":{"self":[{"href":"https:\/\/zamanturkmenistan.com.tm\/index.php?rest_route=\/wp\/v2\/posts\/35346"}],"collection":[{"href":"https:\/\/zamanturkmenistan.com.tm\/index.php?rest_route=\/wp\/v2\/posts"}],"about":[{"href":"https:\/\/zamanturkmenistan.com.tm\/index.php?rest_route=\/wp\/v2\/types\/post"}],"author":[{"embeddable":true,"href":"https:\/\/zamanturkmenistan.com.tm\/index.php?rest_route=\/wp\/v2\/users\/1"}],"replies":[{"embeddable":true,"href":"https:\/\/zamanturkmenistan.com.tm\/index.php?rest_route=%2Fwp%2Fv2%2Fcomments&post=35346"}],"version-history":[{"count":0,"href":"https:\/\/zamanturkmenistan.com.tm\/index.php?rest_route=\/wp\/v2\/posts\/35346\/revisions"}],"wp:featuredmedia":[{"embeddable":true,"href":"https:\/\/zamanturkmenistan.com.tm\/index.php?rest_route=\/wp\/v2\/media\/35348"}],"wp:attachment":[{"href":"https:\/\/zamanturkmenistan.com.tm\/index.php?rest_route=%2Fwp%2Fv2%2Fmedia&parent=35346"}],"wp:term":[{"taxonomy":"category","embeddable":true,"href":"https:\/\/zamanturkmenistan.com.tm\/index.php?rest_route=%2Fwp%2Fv2%2Fcategories&post=35346"},{"taxonomy":"post_tag","embeddable":true,"href":"https:\/\/zamanturkmenistan.com.tm\/index.php?rest_route=%2Fwp%2Fv2%2Ftags&post=35346"}],"curies":[{"name":"wp","href":"https:\/\/api.w.org\/{rel}","templated":true}]}}