{"id":35448,"date":"2020-11-04T10:27:34","date_gmt":"2020-11-04T05:27:34","guid":{"rendered":"https:\/\/zamanturkmenistan.com.tm\/?p=35448"},"modified":"2020-11-04T10:27:35","modified_gmt":"2020-11-04T05:27:35","slug":"turkmenistanyn-prezidenti-sypahana-ulgamyny-osdurmek-boyunca-2021-2025-nji-yyllar-ucin-milli-maksatnamany-tassyklady","status":"publish","type":"post","link":"https:\/\/zamanturkmenistan.com.tm\/?p=35448","title":{"rendered":"T\u00fcrkmenistany\u0148 Prezidenti \u015fypahana ulgamyny \u00f6sd\u00fcrmek bo\u00fdun\u00e7a 2021-2025-nji \u00fdyllar \u00fc\u00e7in Milli maksatnamany tassyklady"},"content":{"rendered":"\n<p>T\u00fcrkmenistany\u0148 Prezidentini\u0148 gol \u00e7eken Kararyna la\u00fdyklykda, \u00abSaglyk\u00bb D\u00f6wlet maksatnamasyny \u00fcst\u00fcnlikli durmu\u015fa ge\u00e7irmek, \u00fdurdumyzy\u0148 \u015fypahana ulgamyny has-da \u00f6sd\u00fcrmek, \u015fypahana-bejeri\u015f we sagaldy\u015f-dikeldi\u015f usullaryny\u0148 hem-de hyzmatlaryny\u0148 d\u00fcn\u00fd\u00e4 \u00f6l\u00e7eglerine la\u00fdyk gel\u00fd\u00e4n t\u00e4ze we netijeli g\u00f6rn\u00fc\u015flerini gi\u0148den orna\u015fdyrmak, saglygy gora\u00fdy\u015f hyzmatyny\u0148 hilini \u00fdokarlandyrmak maksady bilen, T\u00fcrkmenistanda \u015fypahana ulgamyny \u00f6sd\u00fcrmek bo\u00fdun\u00e7a 2021 \u2014 2025-nji \u00fdyllar \u00fc\u00e7in Milli maksatnamany amala a\u015fyrmak bo\u00fdun\u00e7a \u00fderine \u00fdetirilmeli \u00e7\u00e4releri\u0148 me\u00fdilnamasy tassyklanyldy.<\/p>\n","protected":false},"excerpt":{"rendered":"<p>T\u00fcrkmenistany\u0148 Prezidentini\u0148 gol \u00e7eken Kararyna la\u00fdyklykda, \u00abSaglyk\u00bb D\u00f6wlet maksatnamasyny \u00fcst\u00fcnlikli durmu\u015fa ge\u00e7irmek, \u00fdurdumyzy\u0148 \u015fypahana ulgamyny has-da \u00f6sd\u00fcrmek, \u015fypahana-bejeri\u015f we sagaldy\u015f-dikeldi\u015f usullaryny\u0148 hem-de hyzmatlaryny\u0148 d\u00fcn\u00fd\u00e4 \u00f6l\u00e7eglerine la\u00fdyk gel\u00fd\u00e4n t\u00e4ze we netijeli g\u00f6rn\u00fc\u015flerini gi\u0148den orna\u015fdyrmak, saglygy gora\u00fdy\u015f hyzmatyny\u0148 hilini \u00fdokarlandyrmak maksady bilen, T\u00fcrkmenistanda \u015fypahana ulgamyny \u00f6sd\u00fcrmek bo\u00fdun\u00e7a 2021 \u2014 2025-nji \u00fdyllar \u00fc\u00e7in Milli maksatnamany amala a\u015fyrmak bo\u00fdun\u00e7a [&hellip;]<\/p>\n","protected":false},"author":2,"featured_media":35449,"comment_status":"open","ping_status":"closed","sticky":false,"template":"","format":"standard","meta":{"footnotes":""},"categories":[3],"tags":[],"acf":[],"_links":{"self":[{"href":"https:\/\/zamanturkmenistan.com.tm\/index.php?rest_route=\/wp\/v2\/posts\/35448"}],"collection":[{"href":"https:\/\/zamanturkmenistan.com.tm\/index.php?rest_route=\/wp\/v2\/posts"}],"about":[{"href":"https:\/\/zamanturkmenistan.com.tm\/index.php?rest_route=\/wp\/v2\/types\/post"}],"author":[{"embeddable":true,"href":"https:\/\/zamanturkmenistan.com.tm\/index.php?rest_route=\/wp\/v2\/users\/2"}],"replies":[{"embeddable":true,"href":"https:\/\/zamanturkmenistan.com.tm\/index.php?rest_route=%2Fwp%2Fv2%2Fcomments&post=35448"}],"version-history":[{"count":0,"href":"https:\/\/zamanturkmenistan.com.tm\/index.php?rest_route=\/wp\/v2\/posts\/35448\/revisions"}],"wp:featuredmedia":[{"embeddable":true,"href":"https:\/\/zamanturkmenistan.com.tm\/index.php?rest_route=\/wp\/v2\/media\/35449"}],"wp:attachment":[{"href":"https:\/\/zamanturkmenistan.com.tm\/index.php?rest_route=%2Fwp%2Fv2%2Fmedia&parent=35448"}],"wp:term":[{"taxonomy":"category","embeddable":true,"href":"https:\/\/zamanturkmenistan.com.tm\/index.php?rest_route=%2Fwp%2Fv2%2Fcategories&post=35448"},{"taxonomy":"post_tag","embeddable":true,"href":"https:\/\/zamanturkmenistan.com.tm\/index.php?rest_route=%2Fwp%2Fv2%2Ftags&post=35448"}],"curies":[{"name":"wp","href":"https:\/\/api.w.org\/{rel}","templated":true}]}}