{"id":35495,"date":"2020-11-05T17:58:24","date_gmt":"2020-11-05T12:58:24","guid":{"rendered":"https:\/\/zamanturkmenistan.com.tm\/?p=35495"},"modified":"2020-11-05T17:58:26","modified_gmt":"2020-11-05T12:58:26","slug":"ilkinji-kirpi-seyilgahi-acyldy","status":"publish","type":"post","link":"https:\/\/zamanturkmenistan.com.tm\/?p=35495","title":{"rendered":"Il\u00adkin\u00adji kir\u00adpi se\u00ad\u00fdil\u00adg\u00e4\u00adhi a\u00e7yldy"},"content":{"rendered":"\n<p>D\u00fcn\u00ad\u00fd\u00e4\u00add\u00e4\u00adki il\u00adkin\u00adji kir\u00adpi se\u00ad\u00fdil\u00adg\u00e4\u00adhi Be\u00ad\u00fdik Bri\u00adta\u00adni\u00ad\u00fda\u00adny\u0148 de\u00admir\u00adga\u00adzyk-g\u00fcn\u00adba\u00adta\u00adryn\u00adda\u00adky Kumb\u00adri\u00ad\u00fda graf\u00adly\u00adgy\u00adny\u0148 Le\u00fdk-Dist\u00adrikt mil\u00adli se\u00ad\u00fdil\u00adg\u00e4\u00adhin\u00adde a\u00e7y\u00adlar. \u00dda\u00adkyn\u00adda Bri\u00adta\u00adni\u00ad\u00fda\u00adda bu ha\u00fd\u00adwan\u00adlar \u00fdi\u00adtip \u00fdok bo\u00adlup bar\u00ad\u00fdan g\u00f6r\u00adn\u00fc\u015f\u00adle\u00adri\u0148 sa\u00adna\u00adwy\u00adna gi\u00adri\u00adzil\u00addi, se\u00adb\u00e4\u00adbi ola\u00adry\u0148 sa\u00adny\u00adny\u0148 so\u0148\u00adky wagt\u00adlar ep-es\u00adli aza\u00adlan\u00addy\u00adgy bel\u00adle\u00adnil\u00ad\u00fd\u00e4r. Se\u00ad\u00fdil\u00adg\u00e4\u00adhi d\u00f6\u00adre\u00addi\u00adji\u00adler bu g\u00f6r\u00adn\u00fc\u00ad\u015fi \u00fdok bol\u00admak\u00addan ha\u00adlas et\u00admek mak\u00adsa\u00addy bi\u00adlen ha\u00fd\u00adwan\u00adlar \u00fc\u00e7in \u00fd\u00f6\u00adri\u00adte ja\u00fd\u00adlar d\u00f6\u00adret\u00addi\u00adler. \u015ee\u00fd\u00adle hem se\u00ad\u00fdil\u00adg\u00e4\u00adhi d\u00f6\u00adre\u00adden\u00adler kir\u00adpi\u00adle\u00adre n\u00e4\u00addip k\u00f6\u00admek et\u00adme\u00adli\u00addi\u00adgi\u00adni myh\u00adman\u00adla\u00adra g\u00fcr\u00adr\u00fc\u0148 ber\u00adme\u00adgi me\u00ad\u00fdil\u00adle\u015f\u00addir\u00ad\u00fd\u00e4r\u00adler.<\/p>\n","protected":false},"excerpt":{"rendered":"<p>D\u00fcn\u00ad\u00fd\u00e4\u00add\u00e4\u00adki il\u00adkin\u00adji kir\u00adpi se\u00ad\u00fdil\u00adg\u00e4\u00adhi Be\u00ad\u00fdik Bri\u00adta\u00adni\u00ad\u00fda\u00adny\u0148 de\u00admir\u00adga\u00adzyk-g\u00fcn\u00adba\u00adta\u00adryn\u00adda\u00adky Kumb\u00adri\u00ad\u00fda graf\u00adly\u00adgy\u00adny\u0148 Le\u00fdk-Dist\u00adrikt mil\u00adli se\u00ad\u00fdil\u00adg\u00e4\u00adhin\u00adde a\u00e7y\u00adlar. \u00dda\u00adkyn\u00adda Bri\u00adta\u00adni\u00ad\u00fda\u00adda bu ha\u00fd\u00adwan\u00adlar \u00fdi\u00adtip \u00fdok bo\u00adlup bar\u00ad\u00fdan g\u00f6r\u00adn\u00fc\u015f\u00adle\u00adri\u0148 sa\u00adna\u00adwy\u00adna gi\u00adri\u00adzil\u00addi, se\u00adb\u00e4\u00adbi ola\u00adry\u0148 sa\u00adny\u00adny\u0148 so\u0148\u00adky wagt\u00adlar ep-es\u00adli aza\u00adlan\u00addy\u00adgy bel\u00adle\u00adnil\u00ad\u00fd\u00e4r. Se\u00ad\u00fdil\u00adg\u00e4\u00adhi d\u00f6\u00adre\u00addi\u00adji\u00adler bu g\u00f6r\u00adn\u00fc\u00ad\u015fi \u00fdok bol\u00admak\u00addan ha\u00adlas et\u00admek mak\u00adsa\u00addy bi\u00adlen ha\u00fd\u00adwan\u00adlar \u00fc\u00e7in \u00fd\u00f6\u00adri\u00adte ja\u00fd\u00adlar d\u00f6\u00adret\u00addi\u00adler. \u015ee\u00fd\u00adle hem se\u00ad\u00fdil\u00adg\u00e4\u00adhi d\u00f6\u00adre\u00adden\u00adler kir\u00adpi\u00adle\u00adre n\u00e4\u00addip k\u00f6\u00admek et\u00adme\u00adli\u00addi\u00adgi\u00adni [&hellip;]<\/p>\n","protected":false},"author":2,"featured_media":35496,"comment_status":"open","ping_status":"closed","sticky":false,"template":"","format":"standard","meta":{"footnotes":""},"categories":[5],"tags":[],"acf":[],"_links":{"self":[{"href":"https:\/\/zamanturkmenistan.com.tm\/index.php?rest_route=\/wp\/v2\/posts\/35495"}],"collection":[{"href":"https:\/\/zamanturkmenistan.com.tm\/index.php?rest_route=\/wp\/v2\/posts"}],"about":[{"href":"https:\/\/zamanturkmenistan.com.tm\/index.php?rest_route=\/wp\/v2\/types\/post"}],"author":[{"embeddable":true,"href":"https:\/\/zamanturkmenistan.com.tm\/index.php?rest_route=\/wp\/v2\/users\/2"}],"replies":[{"embeddable":true,"href":"https:\/\/zamanturkmenistan.com.tm\/index.php?rest_route=%2Fwp%2Fv2%2Fcomments&post=35495"}],"version-history":[{"count":0,"href":"https:\/\/zamanturkmenistan.com.tm\/index.php?rest_route=\/wp\/v2\/posts\/35495\/revisions"}],"wp:featuredmedia":[{"embeddable":true,"href":"https:\/\/zamanturkmenistan.com.tm\/index.php?rest_route=\/wp\/v2\/media\/35496"}],"wp:attachment":[{"href":"https:\/\/zamanturkmenistan.com.tm\/index.php?rest_route=%2Fwp%2Fv2%2Fmedia&parent=35495"}],"wp:term":[{"taxonomy":"category","embeddable":true,"href":"https:\/\/zamanturkmenistan.com.tm\/index.php?rest_route=%2Fwp%2Fv2%2Fcategories&post=35495"},{"taxonomy":"post_tag","embeddable":true,"href":"https:\/\/zamanturkmenistan.com.tm\/index.php?rest_route=%2Fwp%2Fv2%2Ftags&post=35495"}],"curies":[{"name":"wp","href":"https:\/\/api.w.org\/{rel}","templated":true}]}}