{"id":35501,"date":"2020-11-06T09:43:29","date_gmt":"2020-11-06T04:43:29","guid":{"rendered":"https:\/\/zamanturkmenistan.com.tm\/?p=35501"},"modified":"2020-11-06T09:43:31","modified_gmt":"2020-11-06T04:43:31","slug":"turkmen-pagtacylary-sertnamalayyn-borcnamalaryny-doldurdylar","status":"publish","type":"post","link":"https:\/\/zamanturkmenistan.com.tm\/?p=35501","title":{"rendered":"T\u00fcrkmen pagta\u00e7ylary \u015fertnamala\u00fdyn bor\u00e7namalaryny doldurdylar"},"content":{"rendered":"\n<p>T\u00fcrkmen pagta\u00e7ylary \u201cak altyn\u201d ta\u00fd\u00fdarlamak baradaky \u015fertnamala\u00fdyn bor\u00e7namalaryny doldurdy. Bu baradaky habary T\u00fcrkmenistany\u0148 Ministrler Kabinetini\u0148 5-nji okt\u00fdabrda ge\u00e7irilen gi\u0148i\u015fle\u00fdin mejlisinde Ministrler Kabinetini\u0148 Ba\u015flygyny\u0148 orunbasary E.Orazgeldi\u00fdew hormatly Prezidentimize \u00fdetirdi. <\/p>\n\n\n\n<p>Wise-prem\u00fder \u00fdurdumyzda bugda\u00fd eki\u015fi \u00fcst\u00fcnlikli tamamlanandygyny hem m\u00e4lim etdi; geljek \u00fdyly\u0148 hasyly \u00fc\u00e7in 690 m\u00fc\u0148 gektar me\u00fddana d\u00e4ne ekildi.<\/p>\n","protected":false},"excerpt":{"rendered":"<p>T\u00fcrkmen pagta\u00e7ylary \u201cak altyn\u201d ta\u00fd\u00fdarlamak baradaky \u015fertnamala\u00fdyn bor\u00e7namalaryny doldurdy. Bu baradaky habary T\u00fcrkmenistany\u0148 Ministrler Kabinetini\u0148 5-nji okt\u00fdabrda ge\u00e7irilen gi\u0148i\u015fle\u00fdin mejlisinde Ministrler Kabinetini\u0148 Ba\u015flygyny\u0148 orunbasary E.Orazgeldi\u00fdew hormatly Prezidentimize \u00fdetirdi. Wise-prem\u00fder \u00fdurdumyzda bugda\u00fd eki\u015fi \u00fcst\u00fcnlikli tamamlanandygyny hem m\u00e4lim etdi; geljek \u00fdyly\u0148 hasyly \u00fc\u00e7in 690 m\u00fc\u0148 gektar me\u00fddana d\u00e4ne ekildi.<\/p>\n","protected":false},"author":2,"featured_media":35435,"comment_status":"open","ping_status":"closed","sticky":false,"template":"","format":"standard","meta":{"footnotes":""},"categories":[3],"tags":[],"acf":[],"_links":{"self":[{"href":"https:\/\/zamanturkmenistan.com.tm\/index.php?rest_route=\/wp\/v2\/posts\/35501"}],"collection":[{"href":"https:\/\/zamanturkmenistan.com.tm\/index.php?rest_route=\/wp\/v2\/posts"}],"about":[{"href":"https:\/\/zamanturkmenistan.com.tm\/index.php?rest_route=\/wp\/v2\/types\/post"}],"author":[{"embeddable":true,"href":"https:\/\/zamanturkmenistan.com.tm\/index.php?rest_route=\/wp\/v2\/users\/2"}],"replies":[{"embeddable":true,"href":"https:\/\/zamanturkmenistan.com.tm\/index.php?rest_route=%2Fwp%2Fv2%2Fcomments&post=35501"}],"version-history":[{"count":0,"href":"https:\/\/zamanturkmenistan.com.tm\/index.php?rest_route=\/wp\/v2\/posts\/35501\/revisions"}],"wp:featuredmedia":[{"embeddable":true,"href":"https:\/\/zamanturkmenistan.com.tm\/index.php?rest_route=\/wp\/v2\/media\/35435"}],"wp:attachment":[{"href":"https:\/\/zamanturkmenistan.com.tm\/index.php?rest_route=%2Fwp%2Fv2%2Fmedia&parent=35501"}],"wp:term":[{"taxonomy":"category","embeddable":true,"href":"https:\/\/zamanturkmenistan.com.tm\/index.php?rest_route=%2Fwp%2Fv2%2Fcategories&post=35501"},{"taxonomy":"post_tag","embeddable":true,"href":"https:\/\/zamanturkmenistan.com.tm\/index.php?rest_route=%2Fwp%2Fv2%2Ftags&post=35501"}],"curies":[{"name":"wp","href":"https:\/\/api.w.org\/{rel}","templated":true}]}}