{"id":35611,"date":"2020-11-07T14:09:13","date_gmt":"2020-11-07T09:09:13","guid":{"rendered":"https:\/\/zamanturkmenistan.com.tm\/?p=35611"},"modified":"2020-11-07T14:09:13","modified_gmt":"2020-11-07T09:09:13","slug":"jozef-bayden-onde-baryar-2","status":"publish","type":"post","link":"https:\/\/zamanturkmenistan.com.tm\/?p=35611","title":{"rendered":"Jozef Ba\u00fdden \u00f6\u0148de bar\u00fdar"},"content":{"rendered":"<p>3-nji no\u00ad\u00fdabr\u00adda AB\u015e-da \u00e4h\u00adlu\u00admu\u00admy sa\u00fd\u00adlaw\u00adlar ge\u00ad\u00e7i\u00adril\u00addi. H\u00e4\u00adzir\u00adki wagt\u00adda ses\u00adle\u00adri sa\u00adna\u00admak i\u015f\u00adle\u00adri gyz\u00adga\u00adla\u0148\u00adly do\u00adwam ed\u00ad\u00fd\u00e4r. Ame\u00adri\u00adkan ad\u00admi\u00adnist\u00adra\u00adsi\u00ad\u00fda\u00adsy\u00adny\u0148 h\u00e4\u00adzir\u00adki \u00fdol\u00adba\u015f\u00ad\u00e7y\u00adsy, res\u00adpub\u00adli\u00adka\u00ad\u00e7y Do\u00adnald Tramp we de\u00admok\u00adrat Jo\u00adzef Ba\u00fd\u00adden d\u00f6w\u00adlet ba\u015f\u00adtu\u00adta\u00adny we\u00adzi\u00adpe\u00adsi\u00adne da\u00adla\u015f ed\u00ad\u00fd\u00e4r. AB\u015e-ny\u0148 wi\u00adse-pre\u00adzi\u00addent\u00adli\u00adgi\u00adne da\u00adla\u015f\u00adg\u00e4r\u00adler bol\u00adsa, Ma\u00fdkl Pens we Ka\u00adma\u00adla Har\u00adris\u00addir. AB\u015e-da ge\u00ad\u00e7i\u00adri\u00adlen \u00e4h\u00adlu\u00admu\u00admy sa\u00fd\u00adlaw\u00adda 35 se\u00adna\u00adtor, We\u00adkil\u00adler pa\u00adla\u00adta\u00adsy\u00adny\u0148 435 ag\u00adza\u00adsy, \u015ftat\u00adla\u00adry\u0148 we se\u00adbit\u00adle\u00adri\u0148 13 h\u00e4\u00adki\u00admi we \u00fder\u00adli h\u00e4\u00adki\u00admi\u00ad\u00fdet\u00adler sa\u00fd\u00adlan\u00addy. H\u00e4\u00adzir\u00adki sa\u00fdlawlarda Jo\u00adzef Ba\u00fd\u00adden \u00f6\u0148\u00adde bar\u00ad\u00fdar. \u00dde\u00ad\u0148i\u015f ga\u00adzan\u00admak \u00fc\u00e7in pre\u00adzi\u00addent\u00adli\u00adge da\u00adla\u015f\u00adg\u00e4r 270 sa\u00fd\u00adlaw we\u00adki\u00adli\u00adni\u0148 se\u00adsi\u00adni al\u00adma\u00adly. Bir\u00adn\u00e4\u00ad\u00e7e \u015ftat\u00adlar\u00adda bol\u00adsa, ses be\u00adri\u015f\u00adli\u00adgi\u0148 ne\u00adti\u00adje\u00adle\u00adri he\u00adniz bel\u00adli d\u00e4l. Pre\u00adzi\u00addent sa\u00fd\u00adlaw\u00adla\u00adry\u00adny\u0148 ne\u00adti\u00adje\u00adle\u00adri bo\u00ad\u00fdun\u00ad\u00e7a ka\u00adsam ka\u00adbul edi\u015f\u00adlik da\u00adba\u00adra\u00adsy 2021-nji \u00fdy\u00adly\u0148 20-nji \u00fdan\u00adwa\u00adry\u00adna me\u00ad\u00fdil\u00adle\u015f\u00addi\u00adril\u00ad\u00fd\u00e4r.<br \/>\nJo\u00adzef Ba\u00fd\u00adden sa\u00fd\u00adla\u00adnan ha\u00adla\u00adtyn\u00adda, AB\u015e-ny\u0148 ta\u00adry\u00adhyn\u00adda \u00fdurdu\u0148 i\u0148 gar\u00adry Pre\u00adzi\u00adden\u00adti bo\u00adlar we 78 \u00fda\u00ad\u015fyn\u00adda Pre\u00adzi\u00addent we\u00adzi\u00adpe\u00adsi\u00adne gi\u00adri\u00ad\u015fer. \u015ee\u00fd\u00adle-de AB\u015e-ny\u0148 wi\u00adse-pre\u00adzi\u00adden\u00adti we\u00adzi\u00adpe\u00adsi\u00adne da\u00adla\u015f\u00adg\u00e4r Ka\u00adma\u00adla Har\u00adris bellenen ha\u00adla\u00adtyn\u00adda, bu we\u00adzi\u00adpe\u00adde il\u00adkin\u00adji ze\u00adnan bo\u00adlar. Bu AB\u015e-ny\u0148 ta\u00adry\u00adhyn\u00adda 70 \u00fda\u015f\u00addan ge\u00ad\u00e7en res\u00adpub\u00adli\u00adka\u00ad\u00e7y we de\u00admok\u00adrat da\u00adla\u015f\u00adg\u00e4r\u00adle\u00adri\u0148 il\u00adkin\u00adji Pre\u00adzi\u00addent sa\u00fd\u00adla\u00adwy\u00addyr. Bu sa\u00fd\u00adlaw\u00adlara 165 mil\u00adli\u00adon ame\u00adri\u00adka\u00adly (72,1 g\u00f6\u00adte\u00adrim) gat\u00adna\u00ad\u015fyp, AB\u015e-ny\u0148 ta\u00adry\u00adhy\u00adna gir\u00addi.<br \/>\nAB\u015e-ny\u0148 Kons\u00adti\u00adtu\u00adsi\u00ad\u00fda\u00adsy\u00adny\u0148 ikin\u00adji mad\u00adda\u00adsy\u00adna la\u00ad\u00fdyk\u00adlyk\u00adda, AB\u015e-ny\u0148 Pre\u00adzi\u00adden\u00adti we\u00adzi\u00adpe\u00adsi\u00adne dala\u015fg\u00e4rlik etmek \u00fc\u00e7in \u00fda\u015fy 35-den \u00fdokary bolan, AB\u015e-da doglan we \u00fdur\u00addu\u0148 \u00e7\u00e4k\u00adle\u00adrin\u00adde azyn\u00addan 15 \u00fdyl \u00fda\u00ad\u015fan AB\u015e-ny\u0148 ra\u00ad\u00fda\u00adty bol\u00adma\u00adly. <\/p>\n","protected":false},"excerpt":{"rendered":"<p>3-nji no\u00ad\u00fdabr\u00adda AB\u015e-da \u00e4h\u00adlu\u00admu\u00admy sa\u00fd\u00adlaw\u00adlar ge\u00ad\u00e7i\u00adril\u00addi. H\u00e4\u00adzir\u00adki wagt\u00adda ses\u00adle\u00adri sa\u00adna\u00admak i\u015f\u00adle\u00adri gyz\u00adga\u00adla\u0148\u00adly do\u00adwam ed\u00ad\u00fd\u00e4r. Ame\u00adri\u00adkan ad\u00admi\u00adnist\u00adra\u00adsi\u00ad\u00fda\u00adsy\u00adny\u0148 h\u00e4\u00adzir\u00adki \u00fdol\u00adba\u015f\u00ad\u00e7y\u00adsy, res\u00adpub\u00adli\u00adka\u00ad\u00e7y Do\u00adnald Tramp we de\u00admok\u00adrat Jo\u00adzef Ba\u00fd\u00adden d\u00f6w\u00adlet ba\u015f\u00adtu\u00adta\u00adny we\u00adzi\u00adpe\u00adsi\u00adne da\u00adla\u015f ed\u00ad\u00fd\u00e4r. AB\u015e-ny\u0148 wi\u00adse-pre\u00adzi\u00addent\u00adli\u00adgi\u00adne da\u00adla\u015f\u00adg\u00e4r\u00adler bol\u00adsa, Ma\u00fdkl Pens we Ka\u00adma\u00adla Har\u00adris\u00addir. AB\u015e-da ge\u00ad\u00e7i\u00adri\u00adlen \u00e4h\u00adlu\u00admu\u00admy sa\u00fd\u00adlaw\u00adda 35 se\u00adna\u00adtor, We\u00adkil\u00adler pa\u00adla\u00adta\u00adsy\u00adny\u0148 435 ag\u00adza\u00adsy, \u015ftat\u00adla\u00adry\u0148 we se\u00adbit\u00adle\u00adri\u0148 13 h\u00e4\u00adki\u00admi we [&hellip;]<\/p>\n","protected":false},"author":1,"featured_media":35612,"comment_status":"open","ping_status":"closed","sticky":false,"template":"","format":"standard","meta":{"footnotes":""},"categories":[5],"tags":[],"acf":[],"_links":{"self":[{"href":"https:\/\/zamanturkmenistan.com.tm\/index.php?rest_route=\/wp\/v2\/posts\/35611"}],"collection":[{"href":"https:\/\/zamanturkmenistan.com.tm\/index.php?rest_route=\/wp\/v2\/posts"}],"about":[{"href":"https:\/\/zamanturkmenistan.com.tm\/index.php?rest_route=\/wp\/v2\/types\/post"}],"author":[{"embeddable":true,"href":"https:\/\/zamanturkmenistan.com.tm\/index.php?rest_route=\/wp\/v2\/users\/1"}],"replies":[{"embeddable":true,"href":"https:\/\/zamanturkmenistan.com.tm\/index.php?rest_route=%2Fwp%2Fv2%2Fcomments&post=35611"}],"version-history":[{"count":0,"href":"https:\/\/zamanturkmenistan.com.tm\/index.php?rest_route=\/wp\/v2\/posts\/35611\/revisions"}],"wp:featuredmedia":[{"embeddable":true,"href":"https:\/\/zamanturkmenistan.com.tm\/index.php?rest_route=\/wp\/v2\/media\/35612"}],"wp:attachment":[{"href":"https:\/\/zamanturkmenistan.com.tm\/index.php?rest_route=%2Fwp%2Fv2%2Fmedia&parent=35611"}],"wp:term":[{"taxonomy":"category","embeddable":true,"href":"https:\/\/zamanturkmenistan.com.tm\/index.php?rest_route=%2Fwp%2Fv2%2Fcategories&post=35611"},{"taxonomy":"post_tag","embeddable":true,"href":"https:\/\/zamanturkmenistan.com.tm\/index.php?rest_route=%2Fwp%2Fv2%2Ftags&post=35611"}],"curies":[{"name":"wp","href":"https:\/\/api.w.org\/{rel}","templated":true}]}}