{"id":35614,"date":"2020-11-07T14:10:49","date_gmt":"2020-11-07T09:10:49","guid":{"rendered":"https:\/\/zamanturkmenistan.com.tm\/?p=35614"},"modified":"2020-11-07T14:10:49","modified_gmt":"2020-11-07T09:10:49","slug":"hytayda-ilat-yazuwy-baslady","status":"publish","type":"post","link":"https:\/\/zamanturkmenistan.com.tm\/?p=35614","title":{"rendered":"Hy\u00adta\u00fd\u00adda ilat \u00fda\u00adzu\u00adwy ba\u015f\u00adla\u00addy"},"content":{"rendered":"<p>Hy\u00adta\u00fd\u00adda so\u0148\u00adky 10 \u00fdyl\u00adda il\u00adkin\u00adji ilat \u00fda\u00adzu\u00adwy ba\u015f\u00adla\u00addy. HHR-i\u0148 D\u00f6w\u00adlet sta\u00adtis\u00adti\u00adka gul\u00adlu\u00adgy\u00adny\u0148 ha\u00adba\u00adry\u00adna g\u00f6\u00adr\u00e4, al\u00adnan mag\u00adlu\u00admat\u00adla\u00adry ga\u00fd\u00adta\u00addan i\u015f\u00adle\u00admek we sel\u00adjer\u00admek \u00fc\u00e7in iki \u00fdyl t\u00f6\u00adwe\u00adre\u00adgi wagt ge\u00adrek bo\u00adlar. H\u00e4\u00adzir\u00adki de\u00admog\u00adra\u00adfik \u00fdag\u00adda\u00fd ba\u00adra\u00adda mag\u00adlu\u00admat \u00fdyg\u00adna\u00admak de\u00adkabr a\u00fdy\u00adny\u0148 ba\u00ad\u015fy\u00adna \u00e7en\u00adli do\u00adwam eder. Bu i\u015fe 7 mil\u00adli\u00adon\u00addan gow\u00adrak adam gat\u00adna\u015f\u00ad\u00fdar.<br \/>\n\u015ee\u00fdle \u00e7\u00e4\u00adre ar\u00adka\u00adly di\u00ad\u0148e Hy\u00adta\u00ad\u00fdy\u0148 umu\u00admy ilat sa\u00adny anyk\u00adla\u00adnyl\u00adman, e\u00fd\u00adsem, gen\u00adder de\u0148\u00adli\u00adgi, i\u015f, bi\u00adlim, \u00fdurt\u00adda \u00fda\u00ad\u015fa\u00ad\u00fdan adam\u00adla\u00adry\u0148 \u00fda\u00ad\u015fy ba\u00adra\u00adda mag\u00adlu\u00admat \u00fdyg\u00adna\u00admak hem me\u00ad\u00fdil\u00adle\u015f\u00addi\u00adril\u00ad\u00fd\u00e4r. Ilat \u00fda\u00adzu\u00adwy\u00adny\u0148 do\u00adwa\u00admyn\u00adda di\u00ad\u0148e bir \u00fdur\u00addu\u0148 ra\u00ad\u00fdat\u00adla\u00adry ba\u00adra\u00adda d\u00e4l, e\u00fd\u00adsem, al\u00adty a\u00fd\u00addan gow\u00adrak wagt b\u00e4\u00adri HHR-de \u00fda\u00ad\u015fa\u00ad\u00fdan da\u00ad\u015fa\u00adry \u00fdurt\u00adlu\u00adlar ba\u00adra\u00adda hem mag\u00adlu\u00admat\u00adlar \u00fdyg\u00adna\u00adlar.<br \/>\nMun\u00addan ozal Hy\u00adta\u00fd\u00adda ilat \u00fda\u00adzu\u00adwy 1953, 1964, 1982, 1990, 2000 we 2010-njy \u00fdyl\u00adlar\u00adda ge\u00ad\u00e7i\u00adril\u00adip\u00addi. I\u0148 so\u0148\u00adky res\u00admi mag\u00adlu\u00admat\u00adla\u00adra g\u00f6\u00adr\u00e4, 2019-njy \u00fdyl\u00adda Hy\u00adta\u00ad\u00fdy\u0148 ila\u00adty 1,4 mil\u00adliard ada\u00adma de\u0148 bol\u00addy.<\/p>\n","protected":false},"excerpt":{"rendered":"<p>Hy\u00adta\u00fd\u00adda so\u0148\u00adky 10 \u00fdyl\u00adda il\u00adkin\u00adji ilat \u00fda\u00adzu\u00adwy ba\u015f\u00adla\u00addy. HHR-i\u0148 D\u00f6w\u00adlet sta\u00adtis\u00adti\u00adka gul\u00adlu\u00adgy\u00adny\u0148 ha\u00adba\u00adry\u00adna g\u00f6\u00adr\u00e4, al\u00adnan mag\u00adlu\u00admat\u00adla\u00adry ga\u00fd\u00adta\u00addan i\u015f\u00adle\u00admek we sel\u00adjer\u00admek \u00fc\u00e7in iki \u00fdyl t\u00f6\u00adwe\u00adre\u00adgi wagt ge\u00adrek bo\u00adlar. H\u00e4\u00adzir\u00adki de\u00admog\u00adra\u00adfik \u00fdag\u00adda\u00fd ba\u00adra\u00adda mag\u00adlu\u00admat \u00fdyg\u00adna\u00admak de\u00adkabr a\u00fdy\u00adny\u0148 ba\u00ad\u015fy\u00adna \u00e7en\u00adli do\u00adwam eder. Bu i\u015fe 7 mil\u00adli\u00adon\u00addan gow\u00adrak adam gat\u00adna\u015f\u00ad\u00fdar. \u015ee\u00fdle \u00e7\u00e4\u00adre ar\u00adka\u00adly di\u00ad\u0148e Hy\u00adta\u00ad\u00fdy\u0148 umu\u00admy ilat sa\u00adny anyk\u00adla\u00adnyl\u00adman, [&hellip;]<\/p>\n","protected":false},"author":1,"featured_media":35615,"comment_status":"open","ping_status":"closed","sticky":false,"template":"","format":"standard","meta":{"footnotes":""},"categories":[5],"tags":[],"acf":[],"_links":{"self":[{"href":"https:\/\/zamanturkmenistan.com.tm\/index.php?rest_route=\/wp\/v2\/posts\/35614"}],"collection":[{"href":"https:\/\/zamanturkmenistan.com.tm\/index.php?rest_route=\/wp\/v2\/posts"}],"about":[{"href":"https:\/\/zamanturkmenistan.com.tm\/index.php?rest_route=\/wp\/v2\/types\/post"}],"author":[{"embeddable":true,"href":"https:\/\/zamanturkmenistan.com.tm\/index.php?rest_route=\/wp\/v2\/users\/1"}],"replies":[{"embeddable":true,"href":"https:\/\/zamanturkmenistan.com.tm\/index.php?rest_route=%2Fwp%2Fv2%2Fcomments&post=35614"}],"version-history":[{"count":0,"href":"https:\/\/zamanturkmenistan.com.tm\/index.php?rest_route=\/wp\/v2\/posts\/35614\/revisions"}],"wp:featuredmedia":[{"embeddable":true,"href":"https:\/\/zamanturkmenistan.com.tm\/index.php?rest_route=\/wp\/v2\/media\/35615"}],"wp:attachment":[{"href":"https:\/\/zamanturkmenistan.com.tm\/index.php?rest_route=%2Fwp%2Fv2%2Fmedia&parent=35614"}],"wp:term":[{"taxonomy":"category","embeddable":true,"href":"https:\/\/zamanturkmenistan.com.tm\/index.php?rest_route=%2Fwp%2Fv2%2Fcategories&post=35614"},{"taxonomy":"post_tag","embeddable":true,"href":"https:\/\/zamanturkmenistan.com.tm\/index.php?rest_route=%2Fwp%2Fv2%2Ftags&post=35614"}],"curies":[{"name":"wp","href":"https:\/\/api.w.org\/{rel}","templated":true}]}}