{"id":35632,"date":"2020-11-07T14:19:13","date_gmt":"2020-11-07T09:19:13","guid":{"rendered":"https:\/\/zamanturkmenistan.com.tm\/?p=35632"},"modified":"2020-11-07T14:19:13","modified_gmt":"2020-11-07T09:19:13","slug":"yewropanyn-tokay-paytagty-bolar","status":"publish","type":"post","link":"https:\/\/zamanturkmenistan.com.tm\/?p=35632","title":{"rendered":"\u00ddew\u00adro\u00adpa\u00adny\u0148 \u00abto\u00adka\u00fd\u00bb pa\u00fd\u00adtag\u00adty bo\u00adlar"},"content":{"rendered":"<p>2014-nji \u00fdyl\u00addan b\u00e4\u00adri Bil\u00adbao, Sankt-Pe\u00adter\u00adburg, We\u00adna, Os\u00adlo, Aber\u00addin, Bonn \u015f\u00e4\u00adher\u00adle\u00adri \u00ddew\u00adro\u00adpa\u00adny\u0148 \u00abto\u00adka\u00fd\u00bb pa\u00fd\u00adtag\u00adtla\u00adry bol\u00addu\u00adlar. 2021-nji \u00fdyl\u00adda bu hor\u00adma\u00adta Pra\u00adga e\u00fde bo\u00adlar. 2022-nji \u00fdyl\u00adda bol\u00adsa Bar\u00adse\u00adlo\u00adna \u00ddew\u00adro\u00adpa\u00adny\u0148 \u00abto\u00adka\u00fd\u00bb pa\u00fd\u00adtag\u00adty bo\u00adlar. 2022-nji \u00fdy\u00adly\u0148 da\u00adla\u015f\u00adg\u00e4r\u00adle\u00adri\u00adni\u0148 sa\u00fd\u00adla\u00adwy\u00adny\u0148 so\u0148\u00adky tap\u00adgy\u00adryn\u00adda Mad\u00adrid, So\u00adria (Is\u00adpa\u00adni\u00ad\u00fda) we No\u00adwi-Sad \u015f\u00e4\u00adher\u00adle\u00adri (Ser\u00adbi\u00ad\u00fda) Bar\u00adse\u00adlo\u00adna bi\u00adlen b\u00e4s\u00adle\u015f\u00addi. Bar\u00adse\u00adlo\u00adna\u00adny\u0148 me\u00fd\u00adda\u00adny\u00adny\u0148 tak\u00admy\u00adnan, 40 g\u00f6\u00adte\u00adri\u00admini S\u00ader\u00adra-de-Koll\u00adse\u00adro\u00adla te\u00adbi\u00adgy se\u00ad\u00fdil\u00adg\u00e4\u00adhi, Ka\u00adta\u00adlo\u00adni\u00ad\u00fda\u00adny\u0148 ke\u00adnar \u00fda\u00adka\u00adla\u00adry we Gar\u00adraf te\u00adbi\u00adgy se\u00ad\u00fdil\u00adg\u00e4\u00adhi \u00fda\u00adly te\u00adbi\u00adgy gi\u00ad\u0148i\u015f\u00adlik\u00adler gur\u00ad\u015fap al\u00ad\u00fdar.<br \/>\n2022-nji \u00fdy\u00adly\u0148 do\u00adwa\u00admyn\u00adda Bar\u00adse\u00adlo\u00adna\u00adda bioyk\u00addy\u00adsa\u00addy\u00ad\u00fde\u00adti\u0148 \u015f\u00e4\u00adher gur\u00ad\u015fa\u00adwy\u00adna \u00fde\u00adtir\u00ad\u00fd\u00e4n o\u0148a\u00fd\u00adly t\u00e4\u00adsi\u00adri we te\u00adbi\u00adgy gi\u00ad\u0148i\u015f\u00adlik\u00adle\u00adri\u0148 has saz\u00adla\u00ad\u015fyk\u00adly ula\u00adnyl\u00adma\u00adgy bi\u00adlen bag\u00adla\u00adny\u00ad\u015fyk\u00adly k\u00f6p san\u00adly \u00e7\u00e4\u00adre\u00adle\u00adr ge\u00ad\u00e7i\u00adri\u00adler. Esa\u00adsy mas\u00adla\u00adhat 2022-nji \u00fdy\u00adly\u0148 okt\u00ad\u00fdabr a\u00fdyn\u00adda S\u00ader\u00adra-de-Koll\u00adse\u00adro\u00adla se\u00ad\u00fdil\u00adg\u00e4\u00adhin\u00add\u00e4\u00adki \u00abWall\u00addau\u00adra Labs IAAC\u00bb yl\u00admy bar\u00adlag ins\u00adti\u00adtu\u00adty\u00adny\u0148 San-Pau has\u00adsa\u00adha\u00adna\u00adsyn\u00adda ge\u00ad\u00e7i\u00adri\u00adler. \u015ee\u00fd\u00adle hem bu \u00fder\u00adde \u00ddew\u00adro\u00adpa to\u00adka\u00fd ins\u00adti\u00adtu\u00adty\u00adny\u0148 ba\u015f eda\u00adra\u00adsy\u00adny\u0148 bi\u00adri \u00fder\u00adle\u015f\u00ad\u00fd\u00e4r. \u00ddew\u00adro\u00adpa\u00adny\u0148 \u00abto\u00adka\u00fd\u00bb pa\u00fd\u00adtag\u00adty\u00adny\u0148 esa\u00adsy mak\u00adsa\u00addy, to\u00adka\u00fd\u00adla\u00adry we bio\u00add\u00fcr\u00adl\u00fc\u00adli\u00adgi go\u00adra\u00admak, ola\u00adry go\u00adrap sak\u00adla\u00admak we \u00f6s\u00add\u00fcr\u00admek me\u00adse\u00adle\u00adle\u00adri\u00adne \u00fdur\u00addu\u0148 \u00fda\u00ad\u015fa\u00fd\u00adjy\u00adla\u00adry\u00adny\u0148 we h\u00fc\u00adn\u00e4r\u00admen\u00adle\u00adri\u00adni\u0148 \u00fcn\u00ads\u00fc\u00adni \u00e7ek\u00admek\u00addir.<\/p>\n","protected":false},"excerpt":{"rendered":"<p>2014-nji \u00fdyl\u00addan b\u00e4\u00adri Bil\u00adbao, Sankt-Pe\u00adter\u00adburg, We\u00adna, Os\u00adlo, Aber\u00addin, Bonn \u015f\u00e4\u00adher\u00adle\u00adri \u00ddew\u00adro\u00adpa\u00adny\u0148 \u00abto\u00adka\u00fd\u00bb pa\u00fd\u00adtag\u00adtla\u00adry bol\u00addu\u00adlar. 2021-nji \u00fdyl\u00adda bu hor\u00adma\u00adta Pra\u00adga e\u00fde bo\u00adlar. 2022-nji \u00fdyl\u00adda bol\u00adsa Bar\u00adse\u00adlo\u00adna \u00ddew\u00adro\u00adpa\u00adny\u0148 \u00abto\u00adka\u00fd\u00bb pa\u00fd\u00adtag\u00adty bo\u00adlar. 2022-nji \u00fdy\u00adly\u0148 da\u00adla\u015f\u00adg\u00e4r\u00adle\u00adri\u00adni\u0148 sa\u00fd\u00adla\u00adwy\u00adny\u0148 so\u0148\u00adky tap\u00adgy\u00adryn\u00adda Mad\u00adrid, So\u00adria (Is\u00adpa\u00adni\u00ad\u00fda) we No\u00adwi-Sad \u015f\u00e4\u00adher\u00adle\u00adri (Ser\u00adbi\u00ad\u00fda) Bar\u00adse\u00adlo\u00adna bi\u00adlen b\u00e4s\u00adle\u015f\u00addi. Bar\u00adse\u00adlo\u00adna\u00adny\u0148 me\u00fd\u00adda\u00adny\u00adny\u0148 tak\u00admy\u00adnan, 40 g\u00f6\u00adte\u00adri\u00admini S\u00ader\u00adra-de-Koll\u00adse\u00adro\u00adla te\u00adbi\u00adgy se\u00ad\u00fdil\u00adg\u00e4\u00adhi, Ka\u00adta\u00adlo\u00adni\u00ad\u00fda\u00adny\u0148 ke\u00adnar [&hellip;]<\/p>\n","protected":false},"author":1,"featured_media":35633,"comment_status":"open","ping_status":"closed","sticky":false,"template":"","format":"standard","meta":{"footnotes":""},"categories":[5],"tags":[],"acf":[],"_links":{"self":[{"href":"https:\/\/zamanturkmenistan.com.tm\/index.php?rest_route=\/wp\/v2\/posts\/35632"}],"collection":[{"href":"https:\/\/zamanturkmenistan.com.tm\/index.php?rest_route=\/wp\/v2\/posts"}],"about":[{"href":"https:\/\/zamanturkmenistan.com.tm\/index.php?rest_route=\/wp\/v2\/types\/post"}],"author":[{"embeddable":true,"href":"https:\/\/zamanturkmenistan.com.tm\/index.php?rest_route=\/wp\/v2\/users\/1"}],"replies":[{"embeddable":true,"href":"https:\/\/zamanturkmenistan.com.tm\/index.php?rest_route=%2Fwp%2Fv2%2Fcomments&post=35632"}],"version-history":[{"count":0,"href":"https:\/\/zamanturkmenistan.com.tm\/index.php?rest_route=\/wp\/v2\/posts\/35632\/revisions"}],"wp:featuredmedia":[{"embeddable":true,"href":"https:\/\/zamanturkmenistan.com.tm\/index.php?rest_route=\/wp\/v2\/media\/35633"}],"wp:attachment":[{"href":"https:\/\/zamanturkmenistan.com.tm\/index.php?rest_route=%2Fwp%2Fv2%2Fmedia&parent=35632"}],"wp:term":[{"taxonomy":"category","embeddable":true,"href":"https:\/\/zamanturkmenistan.com.tm\/index.php?rest_route=%2Fwp%2Fv2%2Fcategories&post=35632"},{"taxonomy":"post_tag","embeddable":true,"href":"https:\/\/zamanturkmenistan.com.tm\/index.php?rest_route=%2Fwp%2Fv2%2Ftags&post=35632"}],"curies":[{"name":"wp","href":"https:\/\/api.w.org\/{rel}","templated":true}]}}