{"id":35635,"date":"2020-11-07T14:19:45","date_gmt":"2020-11-07T09:19:45","guid":{"rendered":"https:\/\/zamanturkmenistan.com.tm\/?p=35635"},"modified":"2020-11-07T14:19:45","modified_gmt":"2020-11-07T09:19:45","slug":"ekologiya-taydan-arassa-nusgalyk-infrastruktura","status":"publish","type":"post","link":"https:\/\/zamanturkmenistan.com.tm\/?p=35635","title":{"rendered":"Ekologi\u00fda ta\u00fddan arassa nusgalyk infrastruktura"},"content":{"rendered":"<p>\u00abVolks\u00adwa\u00adgen\u00bb kom\u00adpa\u00adni\u00ad\u00fda\u00adsy Ege\u00fd de\u0148\u00adzin\u00adde \u00fder\u00adle\u015f\u00ad\u00fd\u00e4n As\u00adti\u00adpa\u00adle\u00ad\u00fda ada\u00adsyn\u00adda eko\u00adlo\u00adgi\u00ad\u00fda ta\u00fd\u00addan do\u00adly aras\u00adsa \u015f\u00e4\u00adher inf\u00adrast\u00adruk\u00adtu\u00adra\u00adsy\u00adny bi\u00adna eder. Bu ba\u00adra\u00adda kom\u00adpa\u00adni\u00ad\u00fda\u00adny\u0148 4-nji okt\u00ad\u00fdabr\u00adda\u00adky be\u00ad\u00fda\u00adna\u00adtyn\u00adda m\u00e4\u00adlim edil\u00addi. Gre\u00adsi\u00ad\u00fda\u00adny\u0148 h\u00f6\u00adk\u00fc\u00adme\u00adti bi\u00adlen \u00f6za\u00adra d\u00fc\u00ad\u015f\u00fc\u00adni\u015f\u00admek bo\u00ad\u00fdun\u00ad\u00e7a \u00c4ht\u00adna\u00adma gol \u00e7e\u00adken \u00abVolks\u00adwa\u00adgen\u00bb  ada\u00adda\u00adky ulag ul\u00adga\u00admy\u00adny do\u00adlu\u00adly\u00adgy\u00adna elekt\u00adrik\u00adli ulag\u00adlar bi\u00adlen \u00e7al\u00ad\u015far, \u015fe\u00fd\u00adle hem ga\u00fd\u00adta\u00addan di\u00adkel\u00addil\u00ad\u00fd\u00e4n ener\u00adgi\u00ad\u00fda \u00e7e\u015f\u00adme\u00adle\u00adrin\u00adden k\u00e4\u00admil pe\u00fd\u00adda\u00adlan\u00admak \u00fc\u00e7in ge\u00adne\u00adra\u00adtor\u00adlar gu\u00adrar. Uzak m\u00f6h\u00adlet\u00adle\u00ad\u00fdin \u00ab\u00fda\u00ad\u015fyl\u00bb mak\u00adsat\u00adna\u00adma la\u00ad\u00fdyk\u00adlyk\u00adda As\u00adti\u00adpa\u00adle\u00ad\u00fda ada\u00adsy eko\u00adlo\u00adgi\u00ad\u00fda t\u00e4\u00adsir\u00adsiz ulag we dur\u00admu\u015f inf\u00adrast\u00adruk\u00adtu\u00adra\u00adsy i\u015fe gi\u00adri\u00adzi\u00adlen nus\u00adga\u00adlyk ada h\u00f6k\u00adm\u00fcn\u00adde \u00e7y\u00adky\u015f eder.<br \/>\nBi\u00adle\u00adlik\u00add\u00e4\u00adki mak\u00adsat\u00adna\u00adma bi\u00adrin\u00adji tap\u00adgyr\u00adda al\u00adty \u00fdyl\u00adlyk me\u00ad\u00fdil\u00adna\u00adma g\u00f6\u00adr\u00e4 dur\u00admu\u00ad\u015fa ge\u00ad\u00e7i\u00adri\u00adler. Elekt\u00adrik ener\u00adgi\u00ad\u00fda\u00adsy esa\u00adsan G\u00fcn\u00adden we \u00fdel\u00adden al\u00adnar. Ulag ul\u00adga\u00admyn\u00adda bol\u00adsa, ulag\u00adla\u00adry pa\u00fd\u00adla\u015f\u00admak \u00fd\u00f6\u00adrel\u00adge\u00adsi, \u00fdag\u00adny \u015fah\u00adsy ulag d\u00e4l-de, e\u00fd\u00adsem, \u00fder\u00adli h\u00e4\u00adki\u00admi\u00ad\u00fdet ta\u00adra\u00adpyn\u00addan h\u00f6\u00add\u00fcr\u00adlen\u00ad\u00fd\u00e4n aw\u00adto\u00adbus\u00adlar\u00addyr we\u00adlo\u00adsi\u00adped\u00adle\u00adri ulan\u00admak \u00f6\u0148e s\u00fcr\u00adler. Bu\u00adlar bi\u00adlen bir ha\u00adtar\u00adda elekt\u00adrik\u00adli sku\u00adter\u00adler el\u00ad\u00fde\u00adter\u00adli edi\u00adler. Mak\u00adsat\u00adna\u00adma\u00adny\u0148 \u00e7\u00e4k\u00adle\u00adrin\u00adde ada\u00adny\u0148 1 500 ada\u00adty he\u00adre\u00adket\u00adlen\u00addi\u00adri\u00adji\u00adli aw\u00adtou\u00adlag\u00adla\u00adry 1 000 sa\u00adny elekt\u00adrik\u00adli ulag\u00adlar bi\u00adlen \u00e7al\u00ad\u015fy\u00adlar, 230-a go\u00adla\u00fd zar\u00ad\u00fdad\u00adlan\u00addy\u00adry\u00adjy stan\u00adsi\u00ad\u00fda\u00adlar gur\u00adlar.<br \/>\nAs\u00adti\u00adpa\u00adle\u00ad\u00fda ada\u00adsy Ege\u00fd de\u0148\u00adzi\u00adni\u0148 g\u00fc\u00adnor\u00adta b\u00f6\u00adle\u00adgin\u00adde \u00fder\u00adle\u00ad\u015fip, her \u00fdyl\u00adda 72 m\u00fc\u0148e go\u00adla\u00fd sy\u00ad\u00fda\u00adhat\u00ad\u00e7y\u00adny ka\u00adbul ed\u00ad\u00fd\u00e4r.<\/p>\n","protected":false},"excerpt":{"rendered":"<p>\u00abVolks\u00adwa\u00adgen\u00bb kom\u00adpa\u00adni\u00ad\u00fda\u00adsy Ege\u00fd de\u0148\u00adzin\u00adde \u00fder\u00adle\u015f\u00ad\u00fd\u00e4n As\u00adti\u00adpa\u00adle\u00ad\u00fda ada\u00adsyn\u00adda eko\u00adlo\u00adgi\u00ad\u00fda ta\u00fd\u00addan do\u00adly aras\u00adsa \u015f\u00e4\u00adher inf\u00adrast\u00adruk\u00adtu\u00adra\u00adsy\u00adny bi\u00adna eder. Bu ba\u00adra\u00adda kom\u00adpa\u00adni\u00ad\u00fda\u00adny\u0148 4-nji okt\u00ad\u00fdabr\u00adda\u00adky be\u00ad\u00fda\u00adna\u00adtyn\u00adda m\u00e4\u00adlim edil\u00addi. Gre\u00adsi\u00ad\u00fda\u00adny\u0148 h\u00f6\u00adk\u00fc\u00adme\u00adti bi\u00adlen \u00f6za\u00adra d\u00fc\u00ad\u015f\u00fc\u00adni\u015f\u00admek bo\u00ad\u00fdun\u00ad\u00e7a \u00c4ht\u00adna\u00adma gol \u00e7e\u00adken \u00abVolks\u00adwa\u00adgen\u00bb ada\u00adda\u00adky ulag ul\u00adga\u00admy\u00adny do\u00adlu\u00adly\u00adgy\u00adna elekt\u00adrik\u00adli ulag\u00adlar bi\u00adlen \u00e7al\u00ad\u015far, \u015fe\u00fd\u00adle hem ga\u00fd\u00adta\u00addan di\u00adkel\u00addil\u00ad\u00fd\u00e4n ener\u00adgi\u00ad\u00fda \u00e7e\u015f\u00adme\u00adle\u00adrin\u00adden k\u00e4\u00admil pe\u00fd\u00adda\u00adlan\u00admak \u00fc\u00e7in ge\u00adne\u00adra\u00adtor\u00adlar gu\u00adrar. Uzak m\u00f6h\u00adlet\u00adle\u00ad\u00fdin \u00ab\u00fda\u00ad\u015fyl\u00bb [&hellip;]<\/p>\n","protected":false},"author":1,"featured_media":35636,"comment_status":"open","ping_status":"closed","sticky":false,"template":"","format":"standard","meta":{"footnotes":""},"categories":[5],"tags":[],"acf":[],"_links":{"self":[{"href":"https:\/\/zamanturkmenistan.com.tm\/index.php?rest_route=\/wp\/v2\/posts\/35635"}],"collection":[{"href":"https:\/\/zamanturkmenistan.com.tm\/index.php?rest_route=\/wp\/v2\/posts"}],"about":[{"href":"https:\/\/zamanturkmenistan.com.tm\/index.php?rest_route=\/wp\/v2\/types\/post"}],"author":[{"embeddable":true,"href":"https:\/\/zamanturkmenistan.com.tm\/index.php?rest_route=\/wp\/v2\/users\/1"}],"replies":[{"embeddable":true,"href":"https:\/\/zamanturkmenistan.com.tm\/index.php?rest_route=%2Fwp%2Fv2%2Fcomments&post=35635"}],"version-history":[{"count":0,"href":"https:\/\/zamanturkmenistan.com.tm\/index.php?rest_route=\/wp\/v2\/posts\/35635\/revisions"}],"wp:featuredmedia":[{"embeddable":true,"href":"https:\/\/zamanturkmenistan.com.tm\/index.php?rest_route=\/wp\/v2\/media\/35636"}],"wp:attachment":[{"href":"https:\/\/zamanturkmenistan.com.tm\/index.php?rest_route=%2Fwp%2Fv2%2Fmedia&parent=35635"}],"wp:term":[{"taxonomy":"category","embeddable":true,"href":"https:\/\/zamanturkmenistan.com.tm\/index.php?rest_route=%2Fwp%2Fv2%2Fcategories&post=35635"},{"taxonomy":"post_tag","embeddable":true,"href":"https:\/\/zamanturkmenistan.com.tm\/index.php?rest_route=%2Fwp%2Fv2%2Ftags&post=35635"}],"curies":[{"name":"wp","href":"https:\/\/api.w.org\/{rel}","templated":true}]}}