{"id":36302,"date":"2020-11-27T20:31:00","date_gmt":"2020-11-27T15:31:00","guid":{"rendered":"https:\/\/zamanturkmenistan.com.tm\/?p=36302"},"modified":"2020-11-27T20:31:00","modified_gmt":"2020-11-27T15:31:00","slug":"plastmassa-torbalar-ulanysdan-galdyrylar","status":"publish","type":"post","link":"https:\/\/zamanturkmenistan.com.tm\/?p=36302","title":{"rendered":"Plastmassa torbalar ulany\u015fdan galdyrylar"},"content":{"rendered":"<p>Germani\u00fdada 2022-nji \u00fdyldan ba\u015flap, bir gezek ulanmaga ni\u00fdetlenen plastmassa torbalar gadagan ediler. T\u00e4ze d\u00fczg\u00fcne g\u00f6r\u00e4, galy\u0148lygy 15-50 mikrometr bolan plastmassa torbalary\u0148 ulanyly\u015fy \u00e7\u00e4klendiriler. \u00ddurdu\u0148 da\u015fky gur\u015faw ministri Swen\u00fda \u015eulse sebetleri\u0148 we matadan edilen torbalary\u0148 ulanylmagyny\u0148 adam saglygy \u00fc\u00e7in \u00fdaramly boljakdygyny a\u00fdtdy.<\/p>\n<p>B\u00fctind\u00fcn\u00fd\u00e4 \u00fdabany tebigat gaznasyny\u0148 h\u00fcn\u00e4rmenlerini\u0148 pikirine g\u00f6r\u00e4,\u00a0 s\u00f6wda merkezlerinde ulanyl\u00fdan plastmassa torbalary\u0148 \u00e4hli plastmassa \u00f6n\u00fcmlerini\u0148 bary-\u00fdogy bir g\u00f6terimini emele getir\u00fd\u00e4ndigine \u00fcnsi \u00e7ekdi.<\/p>\n<p>\u00dderi gelende a\u00fdtsak, 2015-nji \u00fdyldan b\u00e4ri Germani\u00fdada s\u00f6wda nokatlary plastmassa torbalary t\u00f6legli \u00fdagda\u00fdda h\u00f6d\u00fcrle\u00fd\u00e4r. T\u00f6legi\u0148 girizilmegi bilen \u00fdurtda bu torbalary\u0148 ulanyly\u015fy 64 g\u00f6terim azalypdyr.<\/p>\n","protected":false},"excerpt":{"rendered":"<p>Germani\u00fdada 2022-nji \u00fdyldan ba\u015flap, bir gezek ulanmaga ni\u00fdetlenen plastmassa torbalar gadagan ediler. T\u00e4ze d\u00fczg\u00fcne g\u00f6r\u00e4, galy\u0148lygy 15-50 mikrometr bolan plastmassa torbalary\u0148 ulanyly\u015fy \u00e7\u00e4klendiriler. \u00ddurdu\u0148 da\u015fky gur\u015faw ministri Swen\u00fda \u015eulse sebetleri\u0148 we matadan edilen torbalary\u0148 ulanylmagyny\u0148 adam saglygy \u00fc\u00e7in \u00fdaramly boljakdygyny a\u00fdtdy. B\u00fctind\u00fcn\u00fd\u00e4 \u00fdabany tebigat gaznasyny\u0148 h\u00fcn\u00e4rmenlerini\u0148 pikirine g\u00f6r\u00e4,\u00a0 s\u00f6wda merkezlerinde ulanyl\u00fdan plastmassa torbalary\u0148 \u00e4hli plastmassa [&hellip;]<\/p>\n","protected":false},"author":2,"featured_media":36303,"comment_status":"open","ping_status":"closed","sticky":false,"template":"","format":"standard","meta":{"footnotes":""},"categories":[5],"tags":[],"acf":[],"_links":{"self":[{"href":"https:\/\/zamanturkmenistan.com.tm\/index.php?rest_route=\/wp\/v2\/posts\/36302"}],"collection":[{"href":"https:\/\/zamanturkmenistan.com.tm\/index.php?rest_route=\/wp\/v2\/posts"}],"about":[{"href":"https:\/\/zamanturkmenistan.com.tm\/index.php?rest_route=\/wp\/v2\/types\/post"}],"author":[{"embeddable":true,"href":"https:\/\/zamanturkmenistan.com.tm\/index.php?rest_route=\/wp\/v2\/users\/2"}],"replies":[{"embeddable":true,"href":"https:\/\/zamanturkmenistan.com.tm\/index.php?rest_route=%2Fwp%2Fv2%2Fcomments&post=36302"}],"version-history":[{"count":0,"href":"https:\/\/zamanturkmenistan.com.tm\/index.php?rest_route=\/wp\/v2\/posts\/36302\/revisions"}],"wp:featuredmedia":[{"embeddable":true,"href":"https:\/\/zamanturkmenistan.com.tm\/index.php?rest_route=\/wp\/v2\/media\/36303"}],"wp:attachment":[{"href":"https:\/\/zamanturkmenistan.com.tm\/index.php?rest_route=%2Fwp%2Fv2%2Fmedia&parent=36302"}],"wp:term":[{"taxonomy":"category","embeddable":true,"href":"https:\/\/zamanturkmenistan.com.tm\/index.php?rest_route=%2Fwp%2Fv2%2Fcategories&post=36302"},{"taxonomy":"post_tag","embeddable":true,"href":"https:\/\/zamanturkmenistan.com.tm\/index.php?rest_route=%2Fwp%2Fv2%2Ftags&post=36302"}],"curies":[{"name":"wp","href":"https:\/\/api.w.org\/{rel}","templated":true}]}}