{"id":36307,"date":"2020-11-28T12:02:53","date_gmt":"2020-11-28T07:02:53","guid":{"rendered":"https:\/\/zamanturkmenistan.com.tm\/?p=36307"},"modified":"2021-09-14T11:33:36","modified_gmt":"2021-09-14T06:33:36","slug":"fransuz-dili-bayramy-bellenildi","status":"publish","type":"post","link":"https:\/\/zamanturkmenistan.com.tm\/?p=36307","title":{"rendered":"Fransuz dili ba\u00fdramy bellenildi"},"content":{"rendered":"<p>26-njy no\u00fdabrda tutu\u015f d\u00fcn\u00fd\u00e4de Fransuz dili mugallymyny\u0148 g\u00fcni bellenildi. Bu ba\u00fdramy Fransi\u00fda Respublikasyny\u0148 Prezidenti jenap Emmanuel Makron tutu\u015f d\u00fcn\u00fd\u00e4de fransuz dili mugallymlaryny\u0148 900 m\u00fc\u0148\u00fcsine hormat go\u00fdmak \u00fc\u00e7in d\u00f6retdi.<br \/>\nH\u00e4zirki wagtda fransuz dili \u00fda\u00fdra\u00fd\u015fy bo\u00fdun\u00e7a d\u00fcn\u00fd\u00e4de b\u00e4\u015finji dildir. Bu dilde geple\u015f\u00fd\u00e4nleri sany 300 milliona \u00fdet\u00fd\u00e4r. I\u0148lis dilinden so\u0148 ol d\u00fcn\u00fd\u00e4de i\u0148 k\u00f6p \u00f6wrenil\u00fd\u00e4n dil, teleke\u00e7ilikde \u00fc\u00e7\u00fcnji, halkara maglumatlarynda ikinji we internetde \u2013 d\u00f6rd\u00fcnji dildir.<br \/>\nFransuz dilini\u0148 halkara g\u00fcn\u00fcne gabatlap, Fransi\u00fdany\u0148 Merkezi Azi\u00fdadaky diplomatik wekilhanalary fransuz dili mugallymlaryny\u0148 h\u00fcn\u00e4rini \u00fdokarlandyrmak bo\u00fdun\u00e7a bilelikd\u00e4ki d\u00fcrli onla\u00fdn-maksatnama teklip etmek \u00fc\u00e7in \u00fdygnandylar.<br \/>\nFransi\u00fdany\u0148 T\u00fcrkmenistandaky Il\u00e7ihanasyny\u0148 \u00fdanyndaky Fransi\u00fda institutyny\u0148 guran ba\u00fdram\u00e7ylyk \u00e7\u00e4resi onla\u00fdn g\u00f6rn\u00fc\u015fde ge\u00e7irildi. O\u0148a 60-a gola\u00fd h\u00fcn\u00e4rmen, \u015fol sanda Fransi\u00fdany\u0148 Il\u00e7ihanasyny\u0148 i\u015fg\u00e4rleri, Magtymguly adyndaky T\u00fcrkmen d\u00f6wlet uniwersitetini\u0148 we D\u00f6wletm\u00e4mmet Azady adyndaky T\u00fcrmen milli d\u00fcn\u00fd\u00e4 dilleri institutyny\u0148, \u015fe\u00fdle hem A\u015fgabady\u0148 halkara mekdeplerini\u0148 wekilleri gatna\u015fdylar. Fransi\u00fdany\u0148 T\u00fcrkmenistandaky Il\u00e7isi Onu\u0148 Alyhezreti hanym Izabel Ginel ba\u00fdram\u00e7ylyk \u00e7\u00e4resini giri\u015f s\u00f6zi bilen a\u00e7dy.<br \/>\n\u015eu \u00e7\u00e4r\u00e4ni\u0148 \u00e7\u00e4klerinde \u00abFransuz dilini \u00f6wretmegi\u0148 t\u00e4ze usullary\u00bb temasyndan d\u00fcrli innowasion taslamalar, uzak aralykdan sapak bermek bo\u00fdun\u00e7a webinarlar we ara alyp maslahatla\u015fmak \u00fc\u00e7in tegelek stol guramagy\u0148 usullary bilen tany\u015fdyryldy. Fransuz dili mugallymyny\u0148 g\u00fcn\u00fcni\u0148 ba\u00fdramyny\u0148 ahyrynda \u00e7\u00e4r\u00e4 gatna\u015fanlary\u0148 hersine Culturetheque, Fransi\u00fda institutyny\u0148 sanly kitaphanasy teklip edildi.<\/p>\n","protected":false},"excerpt":{"rendered":"<p>26-njy no\u00fdabrda tutu\u015f d\u00fcn\u00fd\u00e4de Fransuz dili mugallymyny\u0148 g\u00fcni bellenildi. Bu ba\u00fdramy Fransi\u00fda Respublikasyny\u0148 Prezidenti jenap Emmanuel Makron tutu\u015f d\u00fcn\u00fd\u00e4de fransuz dili mugallymlaryny\u0148 900 m\u00fc\u0148\u00fcsine hormat go\u00fdmak \u00fc\u00e7in d\u00f6retdi. H\u00e4zirki wagtda fransuz dili \u00fda\u00fdra\u00fd\u015fy bo\u00fdun\u00e7a d\u00fcn\u00fd\u00e4de b\u00e4\u015finji dildir. Bu dilde geple\u015f\u00fd\u00e4nleri sany 300 milliona \u00fdet\u00fd\u00e4r. I\u0148lis dilinden so\u0148 ol d\u00fcn\u00fd\u00e4de i\u0148 k\u00f6p \u00f6wrenil\u00fd\u00e4n dil, teleke\u00e7ilikde \u00fc\u00e7\u00fcnji, [&hellip;]<\/p>\n","protected":false},"author":2,"featured_media":36308,"comment_status":"open","ping_status":"closed","sticky":false,"template":"","format":"standard","meta":{"footnotes":""},"categories":[3],"tags":[1840,1842,1841,1839,1162],"acf":[],"_links":{"self":[{"href":"https:\/\/zamanturkmenistan.com.tm\/index.php?rest_route=\/wp\/v2\/posts\/36307"}],"collection":[{"href":"https:\/\/zamanturkmenistan.com.tm\/index.php?rest_route=\/wp\/v2\/posts"}],"about":[{"href":"https:\/\/zamanturkmenistan.com.tm\/index.php?rest_route=\/wp\/v2\/types\/post"}],"author":[{"embeddable":true,"href":"https:\/\/zamanturkmenistan.com.tm\/index.php?rest_route=\/wp\/v2\/users\/2"}],"replies":[{"embeddable":true,"href":"https:\/\/zamanturkmenistan.com.tm\/index.php?rest_route=%2Fwp%2Fv2%2Fcomments&post=36307"}],"version-history":[{"count":0,"href":"https:\/\/zamanturkmenistan.com.tm\/index.php?rest_route=\/wp\/v2\/posts\/36307\/revisions"}],"wp:featuredmedia":[{"embeddable":true,"href":"https:\/\/zamanturkmenistan.com.tm\/index.php?rest_route=\/wp\/v2\/media\/36308"}],"wp:attachment":[{"href":"https:\/\/zamanturkmenistan.com.tm\/index.php?rest_route=%2Fwp%2Fv2%2Fmedia&parent=36307"}],"wp:term":[{"taxonomy":"category","embeddable":true,"href":"https:\/\/zamanturkmenistan.com.tm\/index.php?rest_route=%2Fwp%2Fv2%2Fcategories&post=36307"},{"taxonomy":"post_tag","embeddable":true,"href":"https:\/\/zamanturkmenistan.com.tm\/index.php?rest_route=%2Fwp%2Fv2%2Ftags&post=36307"}],"curies":[{"name":"wp","href":"https:\/\/api.w.org\/{rel}","templated":true}]}}