{"id":3659,"date":"2016-09-24T08:35:51","date_gmt":"2016-09-24T08:35:51","guid":{"rendered":"http:\/\/zamanturkmenistan.com\/?p=3659"},"modified":"2016-09-24T08:35:51","modified_gmt":"2016-09-24T08:35:51","slug":"iordaniyada-saylaw-gecirildi","status":"publish","type":"post","link":"https:\/\/zamanturkmenistan.com.tm\/?p=3659","title":{"rendered":"Iordani\u00fdada sa\u00fdlaw ge\u00e7irildi"},"content":{"rendered":"<p>\u015eu \u00fdy\u00adly\u0148 20-nji sent\u00ad\u00fdab\u00adryn\u00adda Ior\u00adda\u00adni\u00ad\u00fda\u00adda par\u00adla\u00adment sa\u00fd\u00adla\u00adwy ge\u00ad\u00e7i\u00adril\u00addi. \u00ddur\u00addu\u0148 Mil\u00adli ge\u00ad\u0148e\u00ad\u015fi\u00adni\u0148 no\u00adbat\u00adda\u00adky \u00e7a\u00adgy\u00adry\u00ad\u015fy\u00adny\u0148 de\u00adpu\u00adtat\u00adla\u00adry\u00adny sa\u00fd\u00adla\u00admak \u00fc\u00e7in ge\u00ad\u00e7i\u00adri\u00adlen sa\u00fd\u00adla\u00adwy\u0148 \u00e7\u00e4k\u00adle\u00adrin\u00adde 23 sa\u00fd\u00adlaw ok\u00adru\u00adgy d\u00f6\u00adre\u00addil\u00addi. Mej\u00adli\u00adsi\u0148 130 de\u00adpu\u00adta\u00adty\u00adny sa\u00fd\u00adla\u00admak \u00fc\u00e7in ge\u00ad\u00e7i\u00adri\u00adlen sa\u00fd\u00adla\u00adwa 1252 da\u00adla\u015f\u00adg\u00e4r gat\u00adna\u015f\u00addy. Ses ber\u00adli\u00ad\u015fik \u00fder\u00adli wagt bi\u00adlen ir sa\u00adgat 07:00-da ba\u015f\u00adlap, ag\u00ad\u015fam 19:00-a \u00e7en\u00adli do\u00adwam et\u00addi. De\u00adpu\u00adtat\u00adla\u00adry\u0148 pa\u00adla\u00adta\u00adsyn\u00adda ola\u00adry\u0148 sa\u00adny 150-den 130-a \u00e7en\u00adli azal\u00addyl\u00addy. Ola\u00adry\u0148 hem 15-si ze\u00adnan\u00adla\u00adra, 9-sy ba\u015f\u00adga di\u00adni\u0148 we\u00adkil\u00adle\u00adri\u00adne hem-de 3-si mil\u00adli az\u00adlyk\u00adla\u00adry\u0148 da\u00adla\u015f\u00adg\u00e4r\u00adle\u00adri \u00fc\u00e7in a\u00fd\u00adry\u00adlyp go\u00ad\u00fdul\u00addy.<\/p>\n","protected":false},"excerpt":{"rendered":"<p>\u015eu \u00fdy\u00adly\u0148 20-nji sent\u00ad\u00fdab\u00adryn\u00adda Ior\u00adda\u00adni\u00ad\u00fda\u00adda par\u00adla\u00adment sa\u00fd\u00adla\u00adwy ge\u00ad\u00e7i\u00adril\u00addi. \u00ddur\u00addu\u0148 Mil\u00adli ge\u00ad\u0148e\u00ad\u015fi\u00adni\u0148 no\u00adbat\u00adda\u00adky \u00e7a\u00adgy\u00adry\u00ad\u015fy\u00adny\u0148 de\u00adpu\u00adtat\u00adla\u00adry\u00adny sa\u00fd\u00adla\u00admak \u00fc\u00e7in ge\u00ad\u00e7i\u00adri\u00adlen sa\u00fd\u00adla\u00adwy\u0148 \u00e7\u00e4k\u00adle\u00adrin\u00adde 23 sa\u00fd\u00adlaw ok\u00adru\u00adgy d\u00f6\u00adre\u00addil\u00addi. Mej\u00adli\u00adsi\u0148 130 de\u00adpu\u00adta\u00adty\u00adny sa\u00fd\u00adla\u00admak \u00fc\u00e7in ge\u00ad\u00e7i\u00adri\u00adlen sa\u00fd\u00adla\u00adwa 1252 da\u00adla\u015f\u00adg\u00e4r gat\u00adna\u015f\u00addy. Ses ber\u00adli\u00ad\u015fik \u00fder\u00adli wagt bi\u00adlen ir sa\u00adgat 07:00-da ba\u015f\u00adlap, ag\u00ad\u015fam 19:00-a \u00e7en\u00adli do\u00adwam et\u00addi. De\u00adpu\u00adtat\u00adla\u00adry\u0148 pa\u00adla\u00adta\u00adsyn\u00adda ola\u00adry\u0148 sa\u00adny 150-den 130-a \u00e7en\u00adli azal\u00addyl\u00addy. [&hellip;]<\/p>\n","protected":false},"author":1,"featured_media":0,"comment_status":"open","ping_status":"closed","sticky":false,"template":"","format":"standard","meta":{"footnotes":""},"categories":[5],"tags":[],"acf":[],"_links":{"self":[{"href":"https:\/\/zamanturkmenistan.com.tm\/index.php?rest_route=\/wp\/v2\/posts\/3659"}],"collection":[{"href":"https:\/\/zamanturkmenistan.com.tm\/index.php?rest_route=\/wp\/v2\/posts"}],"about":[{"href":"https:\/\/zamanturkmenistan.com.tm\/index.php?rest_route=\/wp\/v2\/types\/post"}],"author":[{"embeddable":true,"href":"https:\/\/zamanturkmenistan.com.tm\/index.php?rest_route=\/wp\/v2\/users\/1"}],"replies":[{"embeddable":true,"href":"https:\/\/zamanturkmenistan.com.tm\/index.php?rest_route=%2Fwp%2Fv2%2Fcomments&post=3659"}],"version-history":[{"count":0,"href":"https:\/\/zamanturkmenistan.com.tm\/index.php?rest_route=\/wp\/v2\/posts\/3659\/revisions"}],"wp:attachment":[{"href":"https:\/\/zamanturkmenistan.com.tm\/index.php?rest_route=%2Fwp%2Fv2%2Fmedia&parent=3659"}],"wp:term":[{"taxonomy":"category","embeddable":true,"href":"https:\/\/zamanturkmenistan.com.tm\/index.php?rest_route=%2Fwp%2Fv2%2Fcategories&post=3659"},{"taxonomy":"post_tag","embeddable":true,"href":"https:\/\/zamanturkmenistan.com.tm\/index.php?rest_route=%2Fwp%2Fv2%2Ftags&post=3659"}],"curies":[{"name":"wp","href":"https:\/\/api.w.org\/{rel}","templated":true}]}}