{"id":36626,"date":"2020-12-07T14:38:03","date_gmt":"2020-12-07T09:38:03","guid":{"rendered":"https:\/\/zamanturkmenistan.com.tm\/?p=36626"},"modified":"2020-12-07T15:22:26","modified_gmt":"2020-12-07T10:22:26","slug":"hormatly-prezidentimizin-turkmenistan-bitaraplygyn-mekany-atly-kitaby-cap-edildi","status":"publish","type":"post","link":"https:\/\/zamanturkmenistan.com.tm\/?p=36626","title":{"rendered":"Hormatly Prezidentimizi\u0148 \u00abT\u00fcrkmenistan \u2014 Bitaraplygy\u0148 mekany\u00bb  atly kitaby \u00e7ap edildi"},"content":{"rendered":"<p>4-nji dekabrda\u00a0 hormatly Prezidentimiz sanly wideoaragatna\u015fyk arkaly Ministrler Kabinetini\u0148 mejlisinde \u00abT\u00fcrkmenistan \u2014 Bitaraplygy\u0148 mekany\u00bb atly \u00fdene-de bir kitaby \u00fdazyp, tamamlandygyny a\u00fdtdy. D\u00f6wlet Ba\u015ftutanymyz bu kitaby\u0148 pe\u00fddaly hem-de gyzykly boljakdygy bell\u00e4p, T\u00fcrkmenistany\u0148 hemi\u015felik Bitaraplygyny\u0148 25 \u00fdyllyk \u015fanly ba\u00fdramyna sowgady boljakgyny a\u00fdtdy.<\/p>\n<p>Bu kitap Baky Bitaraplygymyza degi\u015fli\u00a0ba\u00fd maglumatlara e\u00fde bolup,\u00a0onda\u00a0t\u00fcrkmen Bitaraplygyny\u0148\u00a0milli k\u00f6kleri, taryhy \u00e4hmi\u00fdeti\u00a0barada gi\u0148i\u015fle\u00fdin be\u00fdan edil\u00fd\u00e4r.\u00a0Taryhy maglumatlara esaslan\u00fdan d\u00fc\u00fdpli eser d\u00f6wlet Ba\u015ftutanymyzy\u0148 eserlerini\u0148 toplumyny\u0148 \u00fcst\u00fcni \u00fdetirdi<\/p>\n<p>6-njy dekabrda\u00a0Magtymguly adyndaky Milli sazly-drama teatrynda we Merkezi serkerdeler \u00f6\u00fd\u00fcnde hormatly Prezidentimizi\u0148 \u00abT\u00fcrkmenistan \u2014 Bitaraplygy\u0148 mekany\u00bb\u00a0atly kitabyny\u0148 tany\u015fdyryly\u015f dabarasy ge\u00e7irildi. Dabara gatna\u015fanlar eseri\u0148 awtoryna Ho\u015fallyk hatyny kabul edip, \u00fdurdumyzy\u0148 Bitaraplygyny\u0148 25 \u00fdyllygyny\u0148 \u00f6\u0148\u00fcsyrasynda m\u00e4hriban halkymyza \u015funu\u0148 \u00fdaly aja\u00fdyp sowgady \u00fc\u00e7in t\u00fc\u00fds \u00fd\u00fcrekden ho\u015fallyk bildirdiler.<\/p>\n","protected":false},"excerpt":{"rendered":"<p>4-nji dekabrda\u00a0 hormatly Prezidentimiz sanly wideoaragatna\u015fyk arkaly Ministrler Kabinetini\u0148 mejlisinde \u00abT\u00fcrkmenistan \u2014 Bitaraplygy\u0148 mekany\u00bb atly \u00fdene-de bir kitaby \u00fdazyp, tamamlandygyny a\u00fdtdy. D\u00f6wlet Ba\u015ftutanymyz bu kitaby\u0148 pe\u00fddaly hem-de gyzykly boljakdygy bell\u00e4p, T\u00fcrkmenistany\u0148 hemi\u015felik Bitaraplygyny\u0148 25 \u00fdyllyk \u015fanly ba\u00fdramyna sowgady boljakgyny a\u00fdtdy. Bu kitap Baky Bitaraplygymyza degi\u015fli\u00a0ba\u00fd maglumatlara e\u00fde bolup,\u00a0onda\u00a0t\u00fcrkmen Bitaraplygyny\u0148\u00a0milli k\u00f6kleri, taryhy \u00e4hmi\u00fdeti\u00a0barada gi\u0148i\u015fle\u00fdin be\u00fdan edil\u00fd\u00e4r.\u00a0Taryhy [&hellip;]<\/p>\n","protected":false},"author":2,"featured_media":36635,"comment_status":"open","ping_status":"closed","sticky":false,"template":"","format":"standard","meta":{"footnotes":""},"categories":[3],"tags":[],"acf":[],"_links":{"self":[{"href":"https:\/\/zamanturkmenistan.com.tm\/index.php?rest_route=\/wp\/v2\/posts\/36626"}],"collection":[{"href":"https:\/\/zamanturkmenistan.com.tm\/index.php?rest_route=\/wp\/v2\/posts"}],"about":[{"href":"https:\/\/zamanturkmenistan.com.tm\/index.php?rest_route=\/wp\/v2\/types\/post"}],"author":[{"embeddable":true,"href":"https:\/\/zamanturkmenistan.com.tm\/index.php?rest_route=\/wp\/v2\/users\/2"}],"replies":[{"embeddable":true,"href":"https:\/\/zamanturkmenistan.com.tm\/index.php?rest_route=%2Fwp%2Fv2%2Fcomments&post=36626"}],"version-history":[{"count":0,"href":"https:\/\/zamanturkmenistan.com.tm\/index.php?rest_route=\/wp\/v2\/posts\/36626\/revisions"}],"wp:featuredmedia":[{"embeddable":true,"href":"https:\/\/zamanturkmenistan.com.tm\/index.php?rest_route=\/wp\/v2\/media\/36635"}],"wp:attachment":[{"href":"https:\/\/zamanturkmenistan.com.tm\/index.php?rest_route=%2Fwp%2Fv2%2Fmedia&parent=36626"}],"wp:term":[{"taxonomy":"category","embeddable":true,"href":"https:\/\/zamanturkmenistan.com.tm\/index.php?rest_route=%2Fwp%2Fv2%2Fcategories&post=36626"},{"taxonomy":"post_tag","embeddable":true,"href":"https:\/\/zamanturkmenistan.com.tm\/index.php?rest_route=%2Fwp%2Fv2%2Ftags&post=36626"}],"curies":[{"name":"wp","href":"https:\/\/api.w.org\/{rel}","templated":true}]}}