{"id":3668,"date":"2016-09-24T08:44:31","date_gmt":"2016-09-24T08:44:31","guid":{"rendered":"http:\/\/zamanturkmenistan.com\/?p=3668"},"modified":"2016-09-24T08:44:31","modified_gmt":"2016-09-24T08:44:31","slug":"tolegsiz-internet-elyeterli-bolar","status":"publish","type":"post","link":"https:\/\/zamanturkmenistan.com.tm\/?p=3668","title":{"rendered":"T\u00f6legsiz internet el\u00fdeterli bolar"},"content":{"rendered":"<p>\u00ddew\u00adro\u00adpa Ko\u00admis\u00adsi\u00ad\u00fda\u00adsy \u00f6\u0148\u00fc\u00admiz\u00add\u00e4\u00adki d\u00f6rt \u00fdyl\u00adda \u00ddew\u00adro\u00adpa Bi\u00adle\u00adle\u00ad\u015fi\u00adgi\u00adni\u0148 \u00e7\u00e4k\u00adle\u00adrin\u00add\u00e4\u00adki \u00e4h\u00adli oba\u00adla\u00adry\u0148, et\u00adrap\u00adla\u00adry\u0148 we \u015f\u00e4\u00adher\u00adle\u00adri\u0148 t\u00f6\u00adleg\u00adsiz Wi\u00adFi (ge\u00ad\u00e7i\u00adri\u00adji\u00adsiz in\u00adter\u00adnet) bi\u00adlen \u00fcp\u00adj\u00fcn edil\u00adme\u00adgi ba\u00adra\u00adda ne\u00adti\u00adj\u00e4 gel\u00addi. Mu\u00adnu\u0148 \u00fc\u00e7in 120 mil\u00adli\u00adon \u00fdew\u00adro \u00fder\u00adli \u00f6z-\u00f6z\u00fc\u00ad\u0148i do\u00adlan\u00addy\u00adry\u015f eda\u00adra\u00adla\u00adry\u00adna ber\u00adler. \u00dder\u00adli h\u00e4\u00adki\u00admi\u00ad\u00fdet\u00adler bu hyz\u00admat \u00fc\u00e7in ge\u00adrek bo\u00adlan so\u0148\u00adky teh\u00adno\u00adlo\u00adgi\u00ad\u00fda\u00adny satyn alar\u00adlar. Eger bu tek\u00adlip \u00ddew\u00adro\u00adpa Par\u00adla\u00admen\u00adti ta\u00adra\u00adpyn\u00addan hem ka\u00adbul edil\u00adse, her \u00fdur\u00addu\u0148 de\u00adgi\u015f\u00adli mi\u00adnistr\u00adli\u00adgi ta\u00adra\u00adpyn\u00addan tas\u00adsyk\u00adla\u00adnan\u00addan so\u0148\u00adra \u015fu \u00fdy\u00adly\u0148 ahy\u00adry\u00adna \u00e7en\u00adli ge\u00adrek\u00adli pul b\u00f6\u00adl\u00fc\u00adnip ber\u00adler. \u015ee\u00fd\u00adle hem \u00ddew\u00adro\u00adko\u00admis\u00adsi\u00ad\u00fda \u00ddew\u00adro\u00adpa\u00adda\u00adky \u00e4h\u00adli \u00f6\u00fd\u00adle\u00adri\u0148 2025-nji \u00fdy\u00adla \u00e7en\u00adli azyn\u00addan se\u00adkunt\u00adda 100 me\u00adga\u00adbit tiz\u00adlik\u00adli in\u00adter\u00adnet bi\u00adlen \u00fcp\u00adj\u00fcn edil\u00adme\u00adgi\u00adni we 5G mo\u00adbil ara\u00adgat\u00adna\u00ad\u015fy\u00adgyny\u0148 \u00fdo\u00adla go\u00ad\u00fdul\u00adma\u00adgy\u00adny mak\u00adsat edin\u00ad\u00fd\u00e4r. Ko\u00admis\u00adsi\u00ad\u00fda\u00adny\u0148 ba\u015f\u00adly\u00adgy \u017dan-Klod \u00ddun\u00adker ag\u00adza \u00fdurt\u00adlar\u00adda\u00adky \u00fda\u00ad\u015fa\u00fd\u00adjy\u00adla\u00adry\u0148 is\u00adlen\u00addik d\u00f6w\u00adlet\u00adde mo\u00adbil hyz\u00admat\u00adla\u00adry\u00adny \u00fde\u00adke-t\u00e4k \u00fdurt\u00adda \u00fda\u00adly ulan\u00adma\u00adga m\u00fcm\u00adkin\u00ad\u00e7i\u00adlik ber\u00adjek ka\u00adnu\u00adny ta\u00fd\u00ad\u00fdar\u00adla\u00adma\u00adgy tek\u00adlip et\u00addi. Mu\u00adnu\u0148 \u00fc\u00e7in \u00ab\u00ddew\u00adro\u00adpa elekt\u00adron ara\u00adgat\u00adna\u00ad\u015fyk ka\u00adnu\u00adny\u00bb at\u00adly ka\u00adnu\u00adny\u0148 tas\u00adla\u00adma\u00adsy\u00adny h\u00f6\u00add\u00fcr\u00adle\u00addi.<\/p>\n<p>Ylym-bi\u00adli\u00adme a\u00fd\u00adra\u00adtyn gol\u00addaw<br \/>\nOkuw mek\u00addep\u00adle\u00adri, uni\u00adwer\u00adsi\u00adtet\u00adler we jem\u00adgy\u00ad\u00fde\u00adti\u0148 b\u00e4h\u00adbi\u00addi \u00fc\u00e7in he\u00adre\u00adket ed\u00ad\u00fd\u00e4n gu\u00adra\u00adma\u00adlar \u00fc\u00e7in yl\u00admy bar\u00adlag\u00adla\u00adry\u0148 ne\u00adti\u00adje\u00adle\u00adri\u00adni\u0148 hem el\u00ad\u00fde\u00adter\u00adli edil\u00adme\u00adgi g\u00f6z \u00f6\u0148\u00fcn\u00adde tu\u00adtul\u00ad\u00fdar.<\/p>\n","protected":false},"excerpt":{"rendered":"<p>\u00ddew\u00adro\u00adpa Ko\u00admis\u00adsi\u00ad\u00fda\u00adsy \u00f6\u0148\u00fc\u00admiz\u00add\u00e4\u00adki d\u00f6rt \u00fdyl\u00adda \u00ddew\u00adro\u00adpa Bi\u00adle\u00adle\u00ad\u015fi\u00adgi\u00adni\u0148 \u00e7\u00e4k\u00adle\u00adrin\u00add\u00e4\u00adki \u00e4h\u00adli oba\u00adla\u00adry\u0148, et\u00adrap\u00adla\u00adry\u0148 we \u015f\u00e4\u00adher\u00adle\u00adri\u0148 t\u00f6\u00adleg\u00adsiz Wi\u00adFi (ge\u00ad\u00e7i\u00adri\u00adji\u00adsiz in\u00adter\u00adnet) bi\u00adlen \u00fcp\u00adj\u00fcn edil\u00adme\u00adgi ba\u00adra\u00adda ne\u00adti\u00adj\u00e4 gel\u00addi. Mu\u00adnu\u0148 \u00fc\u00e7in 120 mil\u00adli\u00adon \u00fdew\u00adro \u00fder\u00adli \u00f6z-\u00f6z\u00fc\u00ad\u0148i do\u00adlan\u00addy\u00adry\u015f eda\u00adra\u00adla\u00adry\u00adna ber\u00adler. \u00dder\u00adli h\u00e4\u00adki\u00admi\u00ad\u00fdet\u00adler bu hyz\u00admat \u00fc\u00e7in ge\u00adrek bo\u00adlan so\u0148\u00adky teh\u00adno\u00adlo\u00adgi\u00ad\u00fda\u00adny satyn alar\u00adlar. Eger bu tek\u00adlip \u00ddew\u00adro\u00adpa Par\u00adla\u00admen\u00adti ta\u00adra\u00adpyn\u00addan hem ka\u00adbul edil\u00adse, her \u00fdur\u00addu\u0148 [&hellip;]<\/p>\n","protected":false},"author":1,"featured_media":0,"comment_status":"open","ping_status":"closed","sticky":false,"template":"","format":"standard","meta":{"footnotes":""},"categories":[8],"tags":[],"acf":[],"_links":{"self":[{"href":"https:\/\/zamanturkmenistan.com.tm\/index.php?rest_route=\/wp\/v2\/posts\/3668"}],"collection":[{"href":"https:\/\/zamanturkmenistan.com.tm\/index.php?rest_route=\/wp\/v2\/posts"}],"about":[{"href":"https:\/\/zamanturkmenistan.com.tm\/index.php?rest_route=\/wp\/v2\/types\/post"}],"author":[{"embeddable":true,"href":"https:\/\/zamanturkmenistan.com.tm\/index.php?rest_route=\/wp\/v2\/users\/1"}],"replies":[{"embeddable":true,"href":"https:\/\/zamanturkmenistan.com.tm\/index.php?rest_route=%2Fwp%2Fv2%2Fcomments&post=3668"}],"version-history":[{"count":0,"href":"https:\/\/zamanturkmenistan.com.tm\/index.php?rest_route=\/wp\/v2\/posts\/3668\/revisions"}],"wp:attachment":[{"href":"https:\/\/zamanturkmenistan.com.tm\/index.php?rest_route=%2Fwp%2Fv2%2Fmedia&parent=3668"}],"wp:term":[{"taxonomy":"category","embeddable":true,"href":"https:\/\/zamanturkmenistan.com.tm\/index.php?rest_route=%2Fwp%2Fv2%2Fcategories&post=3668"},{"taxonomy":"post_tag","embeddable":true,"href":"https:\/\/zamanturkmenistan.com.tm\/index.php?rest_route=%2Fwp%2Fv2%2Ftags&post=3668"}],"curies":[{"name":"wp","href":"https:\/\/api.w.org\/{rel}","templated":true}]}}