{"id":36801,"date":"2020-12-14T16:03:22","date_gmt":"2020-12-14T11:03:22","guid":{"rendered":"https:\/\/zamanturkmenistan.com.tm\/?p=36801"},"modified":"2020-12-14T16:25:59","modified_gmt":"2020-12-14T11:25:59","slug":"time-zurnaly-in-gowulary-saylady","status":"publish","type":"post","link":"https:\/\/zamanturkmenistan.com.tm\/?p=36801","title":{"rendered":"\u201cTime\u201d \u017eurnaly i\u0148 gowulary sa\u00fdlady"},"content":{"rendered":"<p>&nbsp;<\/p>\n<p>D\u00e4p bolup gel\u015fi \u00fdaly, AB\u015e-ny\u0148 hepdelik \u201cTime\u201d \u017eurnaly her \u00fdyly\u0148 ahyrynda belli ugurlarda \u00fcst\u00fcnlik gazanan \u015fahsy\u00fdetleri sa\u00fdla\u00fdar.<\/p>\n<p>Ne\u015fir \u201c\u00ddyly\u0148 ynsany\u201d, \u201c\u00ddyly\u0148 teleke\u00e7isi\u201d, \u201c\u00ddyly\u0148 t\u00fcrgeni\u201d, \u201c\u00ddyly\u0148 gyzyklandyrany\u201d \u00fdaly ugurlar bo\u00fdun\u00e7a d\u00fcn\u00fd\u00e4de tapawutlanan adamlary sa\u00fdlady.<\/p>\n<p>AB\u015e-ny\u0148 prezidentlik sa\u00fdlawyny\u0148 \u00fde\u0148ijisi Jozef Ba\u00fdden hem-de onu\u0148 wise-prem\u00fderi boljak Kamala Harris \u201c\u00ddyly\u0148 ynsany\u201d sa\u00fdlandy. Wideo\u00fdygnaklary ge\u00e7irm\u00e4ge m\u00fcmkin\u00e7ilik ber\u00fd\u00e4n ZOOM programmasyny i\u015fl\u00e4p ta\u00fd\u00fdarlan kompani\u00fdany\u0148 \u00fdolba\u015f\u00e7ysy Erik \u00dduan \u201c\u00ddyly\u0148 teleke\u00e7isi&#8221; di\u00fdlip sa\u00fdlandy. \u201c\u00ddyly\u00f1 t\u00fcrgeni\u201d adyna NBA-i\u0148 so\u0148ky \u00e7empiony, \u201cLos Anjeles Lakers\u201d toparyny\u0148 \u00fdyldyzy Lebron Je\u00fdms e\u00fde boldy. \u201c\u00ddyly\u00f1 gyzyklandyrany\u201d adyna Kore\u00fda Respublikasyny\u0148 pop a\u00fddym-saz topary BTS sa\u00fdlandy.<\/p>\n<p>\u201c\u00ddyly\u0148 gorag\u00e7ysy\u201d adyna bolsa birn\u00e4\u00e7e ki\u015fi we toparlar yglan edildi. Ilki bilen, d\u00fcn\u00fd\u00e4d\u00e4ki pandemi\u00fda seb\u00e4pli, bitiren we bitirjek i\u015fleri \u00fc\u00e7in lukman Entoni Fausi bu ada e\u00fde boldy. Elbetde, d\u00fcn\u00fd\u00e4d\u00e4ki pandemi\u00fda gar\u015fy ilkinjileri\u0148 hatarynda keseli\u00f1 \u00f6\u0148\u00fcni aly\u015f \u00e7\u00e4resine gatna\u015f\u00fdan hemme saglygy gora\u00fdy\u015f i\u015fg\u00e4rleri \u201c\u00ddyly\u00f1 gorag\u00e7ysy\u201d adyna mynasyp g\u00f6r\u00fcldi. \u015ee\u00fdle hem adam hukuklary we jynsparazlyga gar\u015fy alyp baran i\u015fleri \u00fc\u00e7in Por\u015fe Bennett-Be\u00fd we Assa Traore \u201c\u00ddyly\u00f1 gorag\u00e7ysy\u201d atlaryna la\u00fdyk g\u00f6r\u00fcldiler.<\/p>\n<p style=\"text-align: right;\"><strong>Oguljan \u00c7ary\u00fdewa,<\/strong><\/p>\n<p style=\"text-align: right;\"><strong>TOHU-ny\u0148 talyby.<\/strong><\/p>\n","protected":false},"excerpt":{"rendered":"<p>&nbsp; D\u00e4p bolup gel\u015fi \u00fdaly, AB\u015e-ny\u0148 hepdelik \u201cTime\u201d \u017eurnaly her \u00fdyly\u0148 ahyrynda belli ugurlarda \u00fcst\u00fcnlik gazanan \u015fahsy\u00fdetleri sa\u00fdla\u00fdar. Ne\u015fir \u201c\u00ddyly\u0148 ynsany\u201d, \u201c\u00ddyly\u0148 teleke\u00e7isi\u201d, \u201c\u00ddyly\u0148 t\u00fcrgeni\u201d, \u201c\u00ddyly\u0148 gyzyklandyrany\u201d \u00fdaly ugurlar bo\u00fdun\u00e7a d\u00fcn\u00fd\u00e4de tapawutlanan adamlary sa\u00fdlady. AB\u015e-ny\u0148 prezidentlik sa\u00fdlawyny\u0148 \u00fde\u0148ijisi Jozef Ba\u00fdden hem-de onu\u0148 wise-prem\u00fderi boljak Kamala Harris \u201c\u00ddyly\u0148 ynsany\u201d sa\u00fdlandy. Wideo\u00fdygnaklary ge\u00e7irm\u00e4ge m\u00fcmkin\u00e7ilik ber\u00fd\u00e4n ZOOM programmasyny [&hellip;]<\/p>\n","protected":false},"author":2,"featured_media":36808,"comment_status":"open","ping_status":"closed","sticky":false,"template":"","format":"standard","meta":{"footnotes":""},"categories":[5],"tags":[],"acf":[],"_links":{"self":[{"href":"https:\/\/zamanturkmenistan.com.tm\/index.php?rest_route=\/wp\/v2\/posts\/36801"}],"collection":[{"href":"https:\/\/zamanturkmenistan.com.tm\/index.php?rest_route=\/wp\/v2\/posts"}],"about":[{"href":"https:\/\/zamanturkmenistan.com.tm\/index.php?rest_route=\/wp\/v2\/types\/post"}],"author":[{"embeddable":true,"href":"https:\/\/zamanturkmenistan.com.tm\/index.php?rest_route=\/wp\/v2\/users\/2"}],"replies":[{"embeddable":true,"href":"https:\/\/zamanturkmenistan.com.tm\/index.php?rest_route=%2Fwp%2Fv2%2Fcomments&post=36801"}],"version-history":[{"count":0,"href":"https:\/\/zamanturkmenistan.com.tm\/index.php?rest_route=\/wp\/v2\/posts\/36801\/revisions"}],"wp:featuredmedia":[{"embeddable":true,"href":"https:\/\/zamanturkmenistan.com.tm\/index.php?rest_route=\/wp\/v2\/media\/36808"}],"wp:attachment":[{"href":"https:\/\/zamanturkmenistan.com.tm\/index.php?rest_route=%2Fwp%2Fv2%2Fmedia&parent=36801"}],"wp:term":[{"taxonomy":"category","embeddable":true,"href":"https:\/\/zamanturkmenistan.com.tm\/index.php?rest_route=%2Fwp%2Fv2%2Fcategories&post=36801"},{"taxonomy":"post_tag","embeddable":true,"href":"https:\/\/zamanturkmenistan.com.tm\/index.php?rest_route=%2Fwp%2Fv2%2Ftags&post=36801"}],"curies":[{"name":"wp","href":"https:\/\/api.w.org\/{rel}","templated":true}]}}