{"id":36815,"date":"2020-12-14T17:46:30","date_gmt":"2020-12-14T12:46:30","guid":{"rendered":"https:\/\/zamanturkmenistan.com.tm\/?p=36815"},"modified":"2020-12-14T17:46:30","modified_gmt":"2020-12-14T12:46:30","slug":"aya-gitjekler-belli-boldy","status":"publish","type":"post","link":"https:\/\/zamanturkmenistan.com.tm\/?p=36815","title":{"rendered":"A\u00fda gitjekler belli boldy"},"content":{"rendered":"<p>Amerikan Aerokosmos edarasy (NASA) \u201cArtemis\u201d maksatnamasyny\u0148 \u00e7\u00e4klerinde A\u00fda gitjek 18 astronawty m\u00e4lim etdi. Be\u00fdanatda 2024-nji \u00fdylda A\u00fdy\u0148 \u00fd\u00fcz\u00fcnde \u00fd\u00f6rejek ilkinji zenan we erkek astronawtlary\u0148 hem kimlerdigi a\u00fddyldy. Maksatnamany\u0148 \u00e7\u00e4klerinde \u00dderi\u0148 hemrasyna iberiljek jemi 18 astronawty\u0148 \u00fdarysyny zenanlar emele getir\u00fd\u00e4r. \u015ee\u00fdle-de bolsa, olary\u0148 \u00e4hlisini\u0148 u\u00e7u\u015fa gatna\u015fmajakdygy, emma hemi\u015fe ta\u00fd\u00fdar boljakdygy a\u00fddyldy. \u00dc\u00e7 \u00fdyl t\u00f6weregi wagt b\u00e4ri i\u015flenip ta\u00fd\u00fdarlan\u00fdan \u201cArtemis\u201d maksatnamasyny\u0148 \u00e7\u00e4klerinde adamsyz u\u00e7u\u015flary\u0148 2021-nji \u00fdylda, adamly u\u00e7u\u015flary\u0148 2023-nji \u00fdylda amala a\u015fyrylmagyna gara\u015fyl\u00fdar.<\/p>\n<p>Ge\u00e7en \u00fdyl NASA adamzady\u0148 A\u00fda a\u00fdak basmagyny\u0148 50 \u00fdyllygyny dabaraly \u00fdagda\u00fdda bell\u00e4pdi.<\/p>\n","protected":false},"excerpt":{"rendered":"<p>Amerikan Aerokosmos edarasy (NASA) \u201cArtemis\u201d maksatnamasyny\u0148 \u00e7\u00e4klerinde A\u00fda gitjek 18 astronawty m\u00e4lim etdi. Be\u00fdanatda 2024-nji \u00fdylda A\u00fdy\u0148 \u00fd\u00fcz\u00fcnde \u00fd\u00f6rejek ilkinji zenan we erkek astronawtlary\u0148 hem kimlerdigi a\u00fddyldy. Maksatnamany\u0148 \u00e7\u00e4klerinde \u00dderi\u0148 hemrasyna iberiljek jemi 18 astronawty\u0148 \u00fdarysyny zenanlar emele getir\u00fd\u00e4r. \u015ee\u00fdle-de bolsa, olary\u0148 \u00e4hlisini\u0148 u\u00e7u\u015fa gatna\u015fmajakdygy, emma hemi\u015fe ta\u00fd\u00fdar boljakdygy a\u00fddyldy. \u00dc\u00e7 \u00fdyl t\u00f6weregi wagt b\u00e4ri [&hellip;]<\/p>\n","protected":false},"author":2,"featured_media":36816,"comment_status":"open","ping_status":"closed","sticky":false,"template":"","format":"standard","meta":{"footnotes":""},"categories":[5],"tags":[],"acf":[],"_links":{"self":[{"href":"https:\/\/zamanturkmenistan.com.tm\/index.php?rest_route=\/wp\/v2\/posts\/36815"}],"collection":[{"href":"https:\/\/zamanturkmenistan.com.tm\/index.php?rest_route=\/wp\/v2\/posts"}],"about":[{"href":"https:\/\/zamanturkmenistan.com.tm\/index.php?rest_route=\/wp\/v2\/types\/post"}],"author":[{"embeddable":true,"href":"https:\/\/zamanturkmenistan.com.tm\/index.php?rest_route=\/wp\/v2\/users\/2"}],"replies":[{"embeddable":true,"href":"https:\/\/zamanturkmenistan.com.tm\/index.php?rest_route=%2Fwp%2Fv2%2Fcomments&post=36815"}],"version-history":[{"count":0,"href":"https:\/\/zamanturkmenistan.com.tm\/index.php?rest_route=\/wp\/v2\/posts\/36815\/revisions"}],"wp:featuredmedia":[{"embeddable":true,"href":"https:\/\/zamanturkmenistan.com.tm\/index.php?rest_route=\/wp\/v2\/media\/36816"}],"wp:attachment":[{"href":"https:\/\/zamanturkmenistan.com.tm\/index.php?rest_route=%2Fwp%2Fv2%2Fmedia&parent=36815"}],"wp:term":[{"taxonomy":"category","embeddable":true,"href":"https:\/\/zamanturkmenistan.com.tm\/index.php?rest_route=%2Fwp%2Fv2%2Fcategories&post=36815"},{"taxonomy":"post_tag","embeddable":true,"href":"https:\/\/zamanturkmenistan.com.tm\/index.php?rest_route=%2Fwp%2Fv2%2Ftags&post=36815"}],"curies":[{"name":"wp","href":"https:\/\/api.w.org\/{rel}","templated":true}]}}