{"id":36818,"date":"2020-12-15T10:44:38","date_gmt":"2020-12-15T05:44:38","guid":{"rendered":"https:\/\/zamanturkmenistan.com.tm\/?p=36818"},"modified":"2020-12-15T10:44:38","modified_gmt":"2020-12-15T05:44:38","slug":"baydenin-prezidentligi-tassyklandy","status":"publish","type":"post","link":"https:\/\/zamanturkmenistan.com.tm\/?p=36818","title":{"rendered":"Ba\u00fddeni\u0148 prezidentligi tassyklandy"},"content":{"rendered":"<p>AB\u015e-da sa\u00fdlaw wekillerinden ybarar bolan Sa\u00fdla\u00fdjylar Ge\u0148e\u015fi \u00fdurtda ge\u00e7irilen prezident sa\u00fdlawlarynda \u00fde\u0148i\u015f gazanan demokrat Jozef Ba\u00fddeni AB\u015e-ny\u0148 46-njy Prezidenti h\u00f6km\u00fcnde tassyklady. 538 wekili\u0148 302-si Ba\u00fddeni\u0148, 232-si bolsa Trampy\u0148 pe\u00fddasyna ses berdi. \u015ee\u00fdlelik bilen, demokrat dala\u015fg\u00e4r AB\u015e-ny\u0148 Prezidenti wezipesine sa\u00fdlanmagy \u00fc\u00e7in gerek bolan 270-den k\u00f6p sese e\u00fde boldy. Ses berli\u015fikden so\u0148ra Josef Ba\u00fdden \u00fdurdu\u0148 taryhynda t\u00e4ze sahypa a\u00e7magy\u0148, birle\u015fmegi\u0148 wagtyny\u0148 gelendigini a\u00fdtdy.<\/p>\n<p>Sa\u00fdla\u00fdjylar Ge\u0148e\u015fini\u0148 ses berli\u015figini\u0148 netijeleri 6-njy \u00fdanwarda AB\u015e-ny\u0148 wize-prezidenti Ma\u00fdk Pensi\u0148 \u00fdolba\u015f\u00e7ylygynda Kongresde ge\u00e7iriljek mejlisde ga\u00fdtadan tassyklanmaga h\u00f6d\u00fcrlener.<\/p>\n<p>3-nji no\u00fdabrda AB\u015e-ny\u0148 50 \u015ftatynda we pa\u00fdtagt Wa\u015fingtonda prezident sa\u00fdlawlary ge\u00e7irilipdi. \u015eu \u00fdyl d\u00fcn\u00fd\u00e4de emele gelen \u00e7yl\u015fyrymly \u00fdagda\u00fdlar seb\u00e4pli adaty hem-de po\u00e7ta arkaly ge\u00e7irilen \u00e4hlumumy sa\u00fdlawlarda Josef Ba\u00fddeni\u0148 parti\u00fdasyndan 306, AB\u015e-ny\u0148 h\u00e4zirki Prezidenti Donald Trampy\u0148 parti\u00fdasyndan 232 wekil sa\u00fdlanypdy. \u00ddurtda hereket ed\u00fd\u00e4n kanun\u00e7ylyga la\u00fdyklykda, dala\u015fg\u00e4rii\u0148 270 wekili sa\u00fdlanan halatynda Prezidentlige sa\u00fdlan\u00fdar. Sa\u00fdlawlarda sa\u00fdlaw\u00e7ylar g\u00f6n\u00fcden-g\u00f6ni dala\u015fg\u00e4re d\u00e4l-de, \u015ftaty\u0148 Sa\u00fdla\u00fdjylar Ge\u0148e\u015fini\u0148 agzasyna ses ber\u00fd\u00e4rler. Sa\u00fdla\u00fdjylar Ge\u0148e\u015fini\u0148 wekillerini\u0148 sany bolsa, her \u015ftatda ba\u015fga\u00e7a bol\u00fdar. \u015etatda i\u0148 k\u00f6p sesi ha\u00fdsy parti\u00fdany\u0148 wekilleri alsa, \u015fol parti\u00fdany\u0148 ozaldan kesgitlenen wekilleri AB\u015e-ny\u0148 Prezidentini we wise-prezidentini sa\u00fdla\u00fdar. Emma d\u00e4p bo\u00fdun\u00e7a sa\u00fdlawy\u0148 yzys\u00fcre 270 wekili sa\u00fdlanan dala\u015fg\u00e4r, \u00f6z prezidentligini yglan ed\u00fd\u00e4r.<\/p>\n<p>AB\u015e-ny\u0148 sa\u00fdlanan Prezidenti Jozef Ba\u00fdden 20-nji \u00fdanwarda wezipesine giri\u015fer.<\/p>\n<p>&nbsp;<\/p>\n","protected":false},"excerpt":{"rendered":"<p>AB\u015e-da sa\u00fdlaw wekillerinden ybarar bolan Sa\u00fdla\u00fdjylar Ge\u0148e\u015fi \u00fdurtda ge\u00e7irilen prezident sa\u00fdlawlarynda \u00fde\u0148i\u015f gazanan demokrat Jozef Ba\u00fddeni AB\u015e-ny\u0148 46-njy Prezidenti h\u00f6km\u00fcnde tassyklady. 538 wekili\u0148 302-si Ba\u00fddeni\u0148, 232-si bolsa Trampy\u0148 pe\u00fddasyna ses berdi. \u015ee\u00fdlelik bilen, demokrat dala\u015fg\u00e4r AB\u015e-ny\u0148 Prezidenti wezipesine sa\u00fdlanmagy \u00fc\u00e7in gerek bolan 270-den k\u00f6p sese e\u00fde boldy. Ses berli\u015fikden so\u0148ra Josef Ba\u00fdden \u00fdurdu\u0148 taryhynda t\u00e4ze [&hellip;]<\/p>\n","protected":false},"author":2,"featured_media":36819,"comment_status":"open","ping_status":"closed","sticky":false,"template":"","format":"standard","meta":{"footnotes":""},"categories":[5],"tags":[],"acf":[],"_links":{"self":[{"href":"https:\/\/zamanturkmenistan.com.tm\/index.php?rest_route=\/wp\/v2\/posts\/36818"}],"collection":[{"href":"https:\/\/zamanturkmenistan.com.tm\/index.php?rest_route=\/wp\/v2\/posts"}],"about":[{"href":"https:\/\/zamanturkmenistan.com.tm\/index.php?rest_route=\/wp\/v2\/types\/post"}],"author":[{"embeddable":true,"href":"https:\/\/zamanturkmenistan.com.tm\/index.php?rest_route=\/wp\/v2\/users\/2"}],"replies":[{"embeddable":true,"href":"https:\/\/zamanturkmenistan.com.tm\/index.php?rest_route=%2Fwp%2Fv2%2Fcomments&post=36818"}],"version-history":[{"count":0,"href":"https:\/\/zamanturkmenistan.com.tm\/index.php?rest_route=\/wp\/v2\/posts\/36818\/revisions"}],"wp:featuredmedia":[{"embeddable":true,"href":"https:\/\/zamanturkmenistan.com.tm\/index.php?rest_route=\/wp\/v2\/media\/36819"}],"wp:attachment":[{"href":"https:\/\/zamanturkmenistan.com.tm\/index.php?rest_route=%2Fwp%2Fv2%2Fmedia&parent=36818"}],"wp:term":[{"taxonomy":"category","embeddable":true,"href":"https:\/\/zamanturkmenistan.com.tm\/index.php?rest_route=%2Fwp%2Fv2%2Fcategories&post=36818"},{"taxonomy":"post_tag","embeddable":true,"href":"https:\/\/zamanturkmenistan.com.tm\/index.php?rest_route=%2Fwp%2Fv2%2Ftags&post=36818"}],"curies":[{"name":"wp","href":"https:\/\/api.w.org\/{rel}","templated":true}]}}