{"id":3688,"date":"2016-09-24T09:41:08","date_gmt":"2016-09-24T09:41:08","guid":{"rendered":"http:\/\/zamanturkmenistan.com\/?p=3688"},"modified":"2016-09-24T09:41:08","modified_gmt":"2016-09-24T09:41:08","slug":"ozara-yarysda-birinji-boldy","status":"publish","type":"post","link":"https:\/\/zamanturkmenistan.com.tm\/?p=3688","title":{"rendered":"\u00d6zara \u00fdary\u015fda birinji boldy"},"content":{"rendered":"<p>2012-nji \u00fdyl\u00adda \u201c\u00ddy\u00adly\u0148 i\u0148 go\u00adwy aw\u00adtou\u00adla\u00adgy\u201d (\u201cCar of the Year\u201d) sa\u00fd\u00adla\u00adnan \u201cOpel Am\u00adpe\u00adra\u201d mo\u00adde\u00adli\u00adni\u0148 elekt\u00adrik ener\u00adgi\u00ad\u00fda\u00adsy bi\u00adlen i\u015f\u00adle\u00ad\u00fd\u00e4n g\u00f6r\u00adn\u00fc\u00ad\u015fi kom\u00adpa\u00adni\u00ad\u00fda\u00adny\u0148 be\u00fd\u00adle\u00adki ulag\u00adla\u00adry bi\u00adlen ge\u00ad\u00e7i\u00adri\u00adlen \u00fda\u00adry\u015f\u00adda bi\u00adrin\u00adji bol\u00addy. Ol bren\u00addi\u0148 \u00fdo\u00adka\u00adry teh\u00adno\u00adlo\u00adgi\u00ad\u00fda\u00adlar bi\u00adlen \u00fcp\u00adj\u00fcn edil\u00ad\u00fd\u00e4n \u201cIn\u00adsig\u00adnia\u201d, \u201cAst\u00adra\u201d, \u201cAdam\u201d we \u201cCor\u00adsa\u201d mo\u00addel\u00adle\u00adri bi\u00adlen b\u00e4s\u00adle\u015f\u00addi. Bu \u00fder\u00adde \u00fde\u00ad\u0148i\u015f ga\u00adzan\u00adma\u00adgyn\u00adda \u201cAm\u00adpe\u00adra\u201d-ny\u0148 teh\u00adni\u00adki a\u00fd\u00adra\u00adtyn\u00adlyk\u00adla\u00adry\u00adny\u0148 t\u00e4\u00adsi\u00adri uly. Sa\u00adgat\u00adda 100 ki\u00adlo\u00admetr tiz\u00adli\u00adge 7 se\u00adkunt\u00adda \u00fdet\u00ad\u00fd\u00e4n elekt\u00adrou\u00adla\u00adgy\u0148 2017-nji \u00fdyl \u00fc\u00e7in ta\u00fd\u00ad\u00fdar\u00adla\u00adnan nus\u00adga\u00adsy bir ge\u00adzek\u00adki zar\u00ad\u00fdad bi\u00adlen 320 ki\u00adlo\u00admetr \u00fdol ge\u00ad\u00e7ip bil\u00ad\u00fd\u00e4r. Bu ara\u00adlyk elekt\u00adrou\u00adlag\u00adlar \u00fc\u00e7in \u00f6r\u00e4n \u00fdo\u00adka\u00adry g\u00f6r\u00adke\u00adzi\u00adji. BMW-ni\u0148 elekt\u00adrik ener\u00adgi\u00ad\u00fda\u00adsy bi\u00adlen i\u015f\u00adle\u00ad\u00fd\u00e4n mo\u00adde\u00adli \u201cBMW i3\u201d-de bu g\u00f6r\u00adke\u00adzi\u00adji 160 ki\u00adlo\u00admetr. \u201cAm\u00adpe\u00adra-e 2017\u201d go\u00adla\u00fd\u00adda Pa\u00adri\u017e\u00adde ge\u00ad\u00e7i\u00adril\u00adjek aw\u00adtou\u00adlag ser\u00adgi\u00adsin\u00adde k\u00f6p\u00ad\u00e7\u00fc\u00adli\u00adge g\u00f6r\u00adke\u00adzi\u00adler. \u201cGe\u00adne\u00adral Mo\u00adtors\u201d-y\u0148 ga\u00adra\u00adma\u00adgyn\u00adda \u201cOpel\u201d bren\u00addi\u00adni\u0148 \u015fu\u00ad\u0148a me\u0148\u00adze\u015f be\u00fd\u00adle\u00adki ula\u00adgy \u201cChevro\u00adlet Volt\u201d bol\u00adsa, go\u00adla\u00fd\u00adda sa\u00adtu\u00adwa \u00e7y\u00adka\u00adry\u00adlyp\u00addy.<\/p>\n","protected":false},"excerpt":{"rendered":"<p>2012-nji \u00fdyl\u00adda \u201c\u00ddy\u00adly\u0148 i\u0148 go\u00adwy aw\u00adtou\u00adla\u00adgy\u201d (\u201cCar of the Year\u201d) sa\u00fd\u00adla\u00adnan \u201cOpel Am\u00adpe\u00adra\u201d mo\u00adde\u00adli\u00adni\u0148 elekt\u00adrik ener\u00adgi\u00ad\u00fda\u00adsy bi\u00adlen i\u015f\u00adle\u00ad\u00fd\u00e4n g\u00f6r\u00adn\u00fc\u00ad\u015fi kom\u00adpa\u00adni\u00ad\u00fda\u00adny\u0148 be\u00fd\u00adle\u00adki ulag\u00adla\u00adry bi\u00adlen ge\u00ad\u00e7i\u00adri\u00adlen \u00fda\u00adry\u015f\u00adda bi\u00adrin\u00adji bol\u00addy. Ol bren\u00addi\u0148 \u00fdo\u00adka\u00adry teh\u00adno\u00adlo\u00adgi\u00ad\u00fda\u00adlar bi\u00adlen \u00fcp\u00adj\u00fcn edil\u00ad\u00fd\u00e4n \u201cIn\u00adsig\u00adnia\u201d, \u201cAst\u00adra\u201d, \u201cAdam\u201d we \u201cCor\u00adsa\u201d mo\u00addel\u00adle\u00adri bi\u00adlen b\u00e4s\u00adle\u015f\u00addi. Bu \u00fder\u00adde \u00fde\u00ad\u0148i\u015f ga\u00adzan\u00adma\u00adgyn\u00adda \u201cAm\u00adpe\u00adra\u201d-ny\u0148 teh\u00adni\u00adki a\u00fd\u00adra\u00adtyn\u00adlyk\u00adla\u00adry\u00adny\u0148 t\u00e4\u00adsi\u00adri uly. Sa\u00adgat\u00adda 100 ki\u00adlo\u00admetr tiz\u00adli\u00adge [&hellip;]<\/p>\n","protected":false},"author":1,"featured_media":0,"comment_status":"open","ping_status":"closed","sticky":false,"template":"","format":"standard","meta":{"footnotes":""},"categories":[8],"tags":[],"acf":[],"_links":{"self":[{"href":"https:\/\/zamanturkmenistan.com.tm\/index.php?rest_route=\/wp\/v2\/posts\/3688"}],"collection":[{"href":"https:\/\/zamanturkmenistan.com.tm\/index.php?rest_route=\/wp\/v2\/posts"}],"about":[{"href":"https:\/\/zamanturkmenistan.com.tm\/index.php?rest_route=\/wp\/v2\/types\/post"}],"author":[{"embeddable":true,"href":"https:\/\/zamanturkmenistan.com.tm\/index.php?rest_route=\/wp\/v2\/users\/1"}],"replies":[{"embeddable":true,"href":"https:\/\/zamanturkmenistan.com.tm\/index.php?rest_route=%2Fwp%2Fv2%2Fcomments&post=3688"}],"version-history":[{"count":0,"href":"https:\/\/zamanturkmenistan.com.tm\/index.php?rest_route=\/wp\/v2\/posts\/3688\/revisions"}],"wp:attachment":[{"href":"https:\/\/zamanturkmenistan.com.tm\/index.php?rest_route=%2Fwp%2Fv2%2Fmedia&parent=3688"}],"wp:term":[{"taxonomy":"category","embeddable":true,"href":"https:\/\/zamanturkmenistan.com.tm\/index.php?rest_route=%2Fwp%2Fv2%2Fcategories&post=3688"},{"taxonomy":"post_tag","embeddable":true,"href":"https:\/\/zamanturkmenistan.com.tm\/index.php?rest_route=%2Fwp%2Fv2%2Ftags&post=3688"}],"curies":[{"name":"wp","href":"https:\/\/api.w.org\/{rel}","templated":true}]}}